{"id":155641,"date":"2010-10-26T22:32:12","date_gmt":"2010-10-26T22:32:12","guid":{"rendered":"http:\/\/diariodominicano.ddns.net\/?p=155641"},"modified":"2010-10-26T22:32:12","modified_gmt":"2010-10-26T22:32:12","slug":"canciller-cubano-rechaza-dichos-de-ee-uu-y-union-europea","status":"publish","type":"post","link":"https:\/\/diariodominicano.com\/?p=155641","title":{"rendered":"Canciller cubano rechaza dichos de EE.UU. y Uni\u00f3n Europea\t \t \t &#13; &#13;"},"content":{"rendered":"<p><body><\/p>\n<p><img decoding=\"async\" src=\"img3\/bruno.jpg\" \/>  <\/p>\n<p><strong><span class=\"text1noticias\"> Naciones Unidas, 26 oct (PL).-<\/span><\/strong><span class=\"text1noticias\">El tema de los cambios en Cuba es asunto de los cubanos y no le pediremos opini\u00f3n al gobierno de Estados Unidos, afirm\u00f3 hoy aqu\u00ed el canciller de la isla caribe\u00f1a, Bruno Rodr\u00edguez.<\/span><\/p>\n<p><span class=\"text1noticias\"> <\/span><\/p>\n<p><span class=\"text1noticias\">  En una intervenci\u00f3n en el ejercicio del derecho de r\u00e9plica ante la Asamblea General, el ministro dijo que \u00abcambiaremos todo lo que deba ser cambiado para bien de los cubanos, pero no le pediremos opini\u00f3n al gobierno de Estados Unidos\u00bb.<\/span><\/p>\n<p><span class=\"text1noticias\"> <\/span><\/p>\n<p><span class=\"text1noticias\">Escogimos libremente nuestro destino, para eso hicimos una revoluci\u00f3n. Ser\u00e1n cambios soberanos no gestos, agreg\u00f3 al responder a delegados norteamericano y de la Uni\u00f3n Europea (UE) durante el debate de una resoluci\u00f3n de condena al bloqueo contra Cuba.<\/span><\/p>\n<p><span class=\"text1noticias\"> <\/span><\/p>\n<p><span class=\"text1noticias\">Para Estados Unidos lo \u00fanico suficiente ser\u00eda instaurar en Cuba un gobierno pro-yanqui, pero eso no va a ocurrir, asever\u00f3.<\/span><\/p>\n<p><span class=\"text1noticias\"> <\/span><\/p>\n<p><span class=\"text1noticias\">Rodr\u00edguez apunt\u00f3 que el bloqueo es un acto de guerra econ\u00f3mica y de genocidio que viola todas las convenciones sobre la materia, como la de genocidio.<\/span><\/p>\n<p><span class=\"text1noticias\"> <\/span><\/p>\n<p><span class=\"text1noticias\">Rebati\u00f3 lo dicho por el representante de Washington y subray\u00f3 que las razones de Cuba no son argumentos ideol\u00f3gicos del pasado y que el bloqueo es un viejo t\u00e9mpano que queda de la guerra fr\u00eda.<\/span><\/p>\n<p><span class=\"text1noticias\"> <\/span><\/p>\n<p><span class=\"text1noticias\">\u00abEl asunto no es la ret\u00f3rica sino la agresi\u00f3n al pueblo cubano\u00bb, sentenci\u00f3 y agreg\u00f3 que \u00absi se quisiera ayudar o apoyar al pueblo cubano (como se\u00f1al\u00f3 el funcionario de Estados Unidos) lo \u00fanico que hay que hacer es levantar el bloqueo\u00bb.<\/span><\/p>\n<p><span class=\"text1noticias\"> <\/span><\/p>\n<p><span class=\"text1noticias\">El ministro enumer\u00f3 una serie de pretextos utilizados por Washington a lo largo del tiempo para tratar de justificar el cerco a Cuba, desde la supuesta pertenencia al eje sino-sovi\u00e9tico hasta la manipulaci\u00f3n sobre los derechos humanos.<\/span><\/p>\n<p><span class=\"text1noticias\"> <\/span><\/p>\n<p><span class=\"text1noticias\">Asimismo, reclam\u00f3 a las autoridades estadounidenses el levantamiento de las medidas que impiden avanzar en materia de telecomunicaciones y el cese del \u00abrobo de fondos cubanos en bancos norteamericanos\u00bb.<\/span><\/p>\n<p><span class=\"text1noticias\"> <\/span><\/p>\n<p><span class=\"text1noticias\">Eliminen las medidas que restringen severamente el acceso de los cubanos a Internet, las restricciones a los intercambios acad\u00e9micos, estudiantiles, cient\u00edficos y culturales y permitan establecer acuerdos entre esas instituciones, puntualiz\u00f3.<\/span><\/p>\n<p><span class=\"text1noticias\"> <\/span><\/p>\n<p><span class=\"text1noticias\">Tambi\u00e9n reclam\u00f3 respuestas de Washington a las propuestas hechas por Cuba en los campos de lucha contra el narcotr\u00e1fico, el terrorismo, el tr\u00e1fico de personas y los desastres naturales, as\u00ed como con respecto al correo postal.<\/span><\/p>\n<p><span class=\"text1noticias\"> <\/span><\/p>\n<p><span class=\"text1noticias\">El gobierno de Estados Unidos cambi\u00f3, pero el financiamiento a la subversi\u00f3n interna en Cuba se mantiene igual, asever\u00f3 y cit\u00f3 a una autoridad de ese pa\u00eds quien anunci\u00f3 el suministro de 15,6 millones de d\u00f3lares a individuos en el terreno en Cuba, es decir a mercenarios.<\/span><\/p>\n<p><span class=\"text1noticias\"> <\/span><\/p>\n<p><span class=\"text1noticias\">M\u00e1s adelante, se refiri\u00f3 a los cinco luchadores antiterroristas cubanos presos en c\u00e1rceles norteamericanas y denunci\u00f3 que recientemente se someti\u00f3 sin motivo a uno de ellos (Gerardo Hern\u00e1ndez) a confinamiento solitario y sin atenci\u00f3n m\u00e9dica.<\/span><\/p>\n<p><span class=\"text1noticias\"> <\/span><\/p>\n<p><span class=\"text1noticias\">En cambio, destac\u00f3, terroristas internacionales confesos como Orlando Bosh y Luis Posada Carriles se pasean libremente en Miami y hacen actividad pol\u00edtica.<\/span><\/p>\n<p><span class=\"text1noticias\"> <\/span><\/p>\n<p><span class=\"text1noticias\">A\u00f1adi\u00f3 que \u00abhay conversaciones migratorias, pero la manipulaci\u00f3n pol\u00edtica de la migraci\u00f3n continua con la ley de ajuste cubano y la pol\u00edtica de pies secos-pies mojados\u00bb.<\/span><\/p>\n<p><span class=\"text1noticias\"> <\/span><\/p>\n<p><span class=\"text1noticias\">El bloqueo es abusivamente extraterritorial y afecta a todos. No es un hecho bilateral, asever\u00f3 Rodr\u00edguez.<\/span><\/p>\n<p><span class=\"text1noticias\"> <\/span><\/p>\n<p><span class=\"text1noticias\">Con respecto a la Uni\u00f3n Europea (UE), declar\u00f3 que \u00abno le reconocemos autoridad moral ni pol\u00edtica alguna para criticar en materia de derechos humanos\u00bb.<\/span><\/p>\n<p><span class=\"text1noticias\"> <\/span><\/p>\n<p><span class=\"text1noticias\">En esa l\u00ednea invit\u00f3 a la UE a ocuparse de su brutal pol\u00edtica antiemigrantes, de la deportaci\u00f3n de minor\u00edas, de la violenta represi\u00f3n contra los manifestantes y de la creciente exclusi\u00f3n social de sus desempleados y sectores de menos ingresos.<\/span><\/p>\n<p><span class=\"text1noticias\"> <\/span><\/p>\n<p><span class=\"text1noticias\">El ministro cubano tambi\u00e9n critic\u00f3 al Parlamento Europeo, el cual \u00abcon toda desverg\u00fcenza y de manera infame se dedica a premiar a agentes pagados del gobierno de Estados Unidos en Cuba\u00bb.<\/span><\/p>\n<p><span class=\"text1noticias\"> <\/span><\/p>\n<p><span class=\"text1noticias\">Se dice que la llamada posici\u00f3n com\u00fan qued\u00f3 superada. Ya veremos, los hechos dir\u00e1n, pero la UE sue\u00f1a si cree que podr\u00e1 normalizar las relaciones con Cuba existiendo la llamada posici\u00f3n com\u00fan, concluy\u00f3.<\/span><\/p>\n<\/p>\n<h6> 2010-10-26 22:32:12 <\/h6>\n<p><!--\n<link rel=\"stylesheet\" href=\"css\/bootstrap.min.css\">\n\n\n<ul class=\"pagination\">\n\t    \n\t\n\n<li >\n\t<a href='?page_no=30808'>Previous<\/a>\n\t<\/li>\n\n\n       \n    \n\n<li><a href='?page_no=1'>1<\/a><\/li>\n\n\n\n<li><a href='?page_no=2'>2<\/a><\/li>\n\n\n\n<li><a>...<\/a><\/li>\n\n\n\n<li><a href='?page_no=30807'>30807<\/a><\/li>\n\n\n\n<li><a href='?page_no=30808'>30808<\/a><\/li>\n\n\n\n<li class='active'><a>30809<\/a><\/li>\n\n\n\n<li><a href='?page_no=30810'>30810<\/a><\/li>\n\n\n\n<li><a href='?page_no=30811'>30811<\/a><\/li>\n\n\n\n<li><a>...<\/a><\/li>\n\n\n\n<li><a href='?page_no=31963'>31963<\/a><\/li>\n\n\n\n<li><a href='?page_no=31964'>31964<\/a><\/li>\n\n    \n\t\n\n<li >\n\t<a href='?page_no=30810'>Next<\/a>\n\t<\/li>\n\n\n    \n\n<li><a href='?page_no=31964'>Last &rsaquo;&rsaquo;<\/a><\/li>\n\n<\/ul>\n\n\n--><br \/>\n<\/body><\/p>\n","protected":false},"excerpt":{"rendered":"<p>Naciones Unidas, 26 oct (PL).-El tema de los cambios en Cuba es asunto de los cubanos y no le pediremos opini\u00f3n al gobierno de Estados Unidos, afirm\u00f3 hoy aqu\u00ed el canciller de la isla caribe\u00f1a, Bruno Rodr\u00edguez. En una intervenci\u00f3n en el ejercicio del derecho de r\u00e9plica ante la Asamblea General, el ministro dijo que [&hellip;]<\/p>\n","protected":false},"author":3,"featured_media":0,"comment_status":"open","ping_status":"open","sticky":false,"template":"","format":"standard","meta":{"footnotes":""},"categories":[24],"tags":[],"class_list":["post-155641","post","type-post","status-publish","format-standard","hentry","category-justicia-y-derecho"],"_links":{"self":[{"href":"https:\/\/diariodominicano.com\/index.php?rest_route=\/wp\/v2\/posts\/155641","targetHints":{"allow":["GET"]}}],"collection":[{"href":"https:\/\/diariodominicano.com\/index.php?rest_route=\/wp\/v2\/posts"}],"about":[{"href":"https:\/\/diariodominicano.com\/index.php?rest_route=\/wp\/v2\/types\/post"}],"author":[{"embeddable":true,"href":"https:\/\/diariodominicano.com\/index.php?rest_route=\/wp\/v2\/users\/3"}],"replies":[{"embeddable":true,"href":"https:\/\/diariodominicano.com\/index.php?rest_route=%2Fwp%2Fv2%2Fcomments&post=155641"}],"version-history":[{"count":0,"href":"https:\/\/diariodominicano.com\/index.php?rest_route=\/wp\/v2\/posts\/155641\/revisions"}],"wp:attachment":[{"href":"https:\/\/diariodominicano.com\/index.php?rest_route=%2Fwp%2Fv2%2Fmedia&parent=155641"}],"wp:term":[{"taxonomy":"category","embeddable":true,"href":"https:\/\/diariodominicano.com\/index.php?rest_route=%2Fwp%2Fv2%2Fcategories&post=155641"},{"taxonomy":"post_tag","embeddable":true,"href":"https:\/\/diariodominicano.com\/index.php?rest_route=%2Fwp%2Fv2%2Ftags&post=155641"}],"curies":[{"name":"wp","href":"https:\/\/api.w.org\/{rel}","templated":true}]}}