{"id":155638,"date":"2010-10-27T15:05:36","date_gmt":"2010-10-27T15:05:36","guid":{"rendered":"http:\/\/diariodominicano.ddns.net\/?p=155638"},"modified":"2010-10-27T15:05:36","modified_gmt":"2010-10-27T15:05:36","slug":"la-politecnica-recibe-decreto-de-incorporacion-del-poder-ejecutivo","status":"publish","type":"post","link":"https:\/\/diariodominicano.com\/?p=155638","title":{"rendered":"La Polit\u00e9cnica recibe Decreto de Incorporaci\u00f3n del Poder Ejecutivo"},"content":{"rendered":"<p><body><\/p>\n<p><img decoding=\"async\" src=\"http:\/\/localhost:8080\/justiciayderecho\/img3\/politecnica 2.JPG\" \/><br \/><img decoding=\"async\" src=\"http:\/\/localhost:8080\/justiciayderecho\/img3\/Politecnica 1.JPG\" \/>  <\/p>\n<\/p>\n<p><span class=\"text1noticias\">Santo Domingo, 27 Oct 2010.- La Cooperativa de Ahorros, Cr\u00e9ditos y Servicios M\u00faltiples de los Egresados y Egresadas del Instituto Polit\u00e9cnico Loyola, \u00abLa Polit\u00e9cnica\u00bb, conocida por sus siglas de COOPLAPO, recibi\u00f3 de manos del Ministro y Presidente &#8211; Administrador del Instituto de Desarrollo y Cr\u00e9dito Cooperativo, IDECOOP, el licenciado Pedro Corpor\u00e1n, el Decreto del Poder Ejecutivo marcado con el numero 465-10 del 19 de agosto pr\u00f3ximo pasado que la incorpora al sistema cooperativo nacional.<\/span><\/p>\n<\/p>\n<p><span class=\"text1noticias\">El lugar seleccionado fue en el Sal\u00f3n de Actos del Idecoop sito en la avenida 30 de marzo de esta ciudad primada de Am\u00e9rica donde se dieron cita los principales directivos de La Politecnica cont\u00e1ndose entre ellos  el ingeniero Jaime Casanova Martinez, Jose Corona, Jose Rafael Suarez y Jose Suero en sus calidades de presidente, secretario y miembros del Consejo de Administraci\u00f3n, respectivamente.<\/span><\/p>\n<\/p>\n<p><span class=\"text1noticias\">As\u00ed mismo, el licenciado Jose Tob\u00edas Santos Sosa y Milciades Perez Molina qui\u00e9n son presidente y miembro del Consejo de Vigilancia de la entidad cooperativa que aglutina a los egresados y egresadas de esta alta casa de estudios.<\/span><\/p>\n<\/p>\n<p><span class=\"text1noticias\">Es de notar que la comitiva se hizo acompa\u00f1ar por el licenciado Ramon Castillo Lachapelle quien funge como presidente de la Fundaci\u00f3n Loyola Incorporada.<\/span><\/p>\n<\/p>\n<p><span class=\"text1noticias\">Al momento de recibir el Decreto de Incorporaci\u00f3n el ingeniero Casanova Martinez al hacer uso de la palabra agradeci\u00f3 el licenciado Pedro Corpor\u00e1n y al personal bajo sus mando la asesor\u00eda y facilidades que otorgaron para la incorporaci\u00f3n de la entidad y as\u00ed mismo al presidente Leonel Fernandez Reyna por otorgar el beneficio de la incorporaci\u00f3n a la vez que garantiz\u00f3 la integraci\u00f3n plena de La Politecnica a las labores cooperativas para beneficio de sus miembros siempre con los valores de honestidad, solidaridad y cooperaci\u00f3n.<\/span><\/p>\n<\/p>\n<p><span class=\"text1noticias\">En el acto en cuesti\u00f3n participaron, adem\u00e1s, por el Idecoop la licenciada Marileyda Nu\u00f1ez Rodriguez y Rommel Beltrez, quienes son Asesora Legal y Director del Centro Regional Central, respectivamente, entre otras autoridades.<\/span><\/p>\n<\/p>\n<\/p>\n<p><span class=\"text1noticias\">\u00abEste es un importante paso a la consolidaci\u00f3n de otra entidad de la familia ignaciana lo que va a redundar en beneficio de los egresados y egresadas del Instituto Polit\u00e9cnico Loyola\u00bb, dijo Ramon Castillo, presidente de la Fundaci\u00f3n Loyola en la conclusi\u00f3n del acto.<\/span><\/p>\n<\/p>\n<p><span class=\"text1noticias\">\u00abNos sentimos regocijados pues hemos alcanzado una meta por la cual trabajamos durante largo tiempo lo que nos obliga a desarrollar actividades con ahinc\u00f3 y verdadero tes\u00f3n de manera que La Polit\u00e9cnica sea un referente futuro en el sector del cooperativismo nacional\u00bb, concluyo el ingeniero Jose Corona, secretario del Consejo de Administraci\u00f3n del organismo cooperativo incorporado.<\/span><\/p>\n<\/p>\n<h6> 2010-10-27 15:05:36 <\/h6>\n<p><!--\n<link rel=\"stylesheet\" href=\"css\/bootstrap.min.css\">\n\n\n<ul class=\"pagination\">\n\t    \n\t\n\n<li >\n\t<a href='?page_no=30805'>Previous<\/a>\n\t<\/li>\n\n\n       \n    \n\n<li><a href='?page_no=1'>1<\/a><\/li>\n\n\n\n<li><a href='?page_no=2'>2<\/a><\/li>\n\n\n\n<li><a>...<\/a><\/li>\n\n\n\n<li><a href='?page_no=30804'>30804<\/a><\/li>\n\n\n\n<li><a href='?page_no=30805'>30805<\/a><\/li>\n\n\n\n<li class='active'><a>30806<\/a><\/li>\n\n\n\n<li><a href='?page_no=30807'>30807<\/a><\/li>\n\n\n\n<li><a href='?page_no=30808'>30808<\/a><\/li>\n\n\n\n<li><a>...<\/a><\/li>\n\n\n\n<li><a href='?page_no=31963'>31963<\/a><\/li>\n\n\n\n<li><a href='?page_no=31964'>31964<\/a><\/li>\n\n    \n\t\n\n<li >\n\t<a href='?page_no=30807'>Next<\/a>\n\t<\/li>\n\n\n    \n\n<li><a href='?page_no=31964'>Last &rsaquo;&rsaquo;<\/a><\/li>\n\n<\/ul>\n\n\n--><br \/>\n<\/body><\/p>\n","protected":false},"excerpt":{"rendered":"<p>Santo Domingo, 27 Oct 2010.- La Cooperativa de Ahorros, Cr\u00e9ditos y Servicios M\u00faltiples de los Egresados y Egresadas del Instituto Polit\u00e9cnico Loyola, \u00abLa Polit\u00e9cnica\u00bb, conocida por sus siglas de COOPLAPO, recibi\u00f3 de manos del Ministro y Presidente &#8211; Administrador del Instituto de Desarrollo y Cr\u00e9dito Cooperativo, IDECOOP, el licenciado Pedro Corpor\u00e1n, el Decreto del Poder [&hellip;]<\/p>\n","protected":false},"author":3,"featured_media":0,"comment_status":"open","ping_status":"open","sticky":false,"template":"","format":"standard","meta":{"footnotes":""},"categories":[24],"tags":[],"class_list":["post-155638","post","type-post","status-publish","format-standard","hentry","category-justicia-y-derecho"],"_links":{"self":[{"href":"https:\/\/diariodominicano.com\/index.php?rest_route=\/wp\/v2\/posts\/155638","targetHints":{"allow":["GET"]}}],"collection":[{"href":"https:\/\/diariodominicano.com\/index.php?rest_route=\/wp\/v2\/posts"}],"about":[{"href":"https:\/\/diariodominicano.com\/index.php?rest_route=\/wp\/v2\/types\/post"}],"author":[{"embeddable":true,"href":"https:\/\/diariodominicano.com\/index.php?rest_route=\/wp\/v2\/users\/3"}],"replies":[{"embeddable":true,"href":"https:\/\/diariodominicano.com\/index.php?rest_route=%2Fwp%2Fv2%2Fcomments&post=155638"}],"version-history":[{"count":0,"href":"https:\/\/diariodominicano.com\/index.php?rest_route=\/wp\/v2\/posts\/155638\/revisions"}],"wp:attachment":[{"href":"https:\/\/diariodominicano.com\/index.php?rest_route=%2Fwp%2Fv2%2Fmedia&parent=155638"}],"wp:term":[{"taxonomy":"category","embeddable":true,"href":"https:\/\/diariodominicano.com\/index.php?rest_route=%2Fwp%2Fv2%2Fcategories&post=155638"},{"taxonomy":"post_tag","embeddable":true,"href":"https:\/\/diariodominicano.com\/index.php?rest_route=%2Fwp%2Fv2%2Ftags&post=155638"}],"curies":[{"name":"wp","href":"https:\/\/api.w.org\/{rel}","templated":true}]}}