{"id":155637,"date":"2010-10-27T15:40:41","date_gmt":"2010-10-27T15:40:41","guid":{"rendered":"http:\/\/diariodominicano.ddns.net\/?p=155637"},"modified":"2010-10-27T15:40:41","modified_gmt":"2010-10-27T15:40:41","slug":"jerez-sugiere-desayuno-escolar-sea-manejado-por-la-iglesia-catolica","status":"publish","type":"post","link":"https:\/\/diariodominicano.com\/?p=155637","title":{"rendered":"Jerez sugiere desayuno escolar sea manejado por la Iglesia Cat\u00f3lica&#13;"},"content":{"rendered":"<p><body><\/p>\n<p><img decoding=\"async\" src=\"http:\/\/localhost:8080\/justiciayderecho\/img3\/alejandro Jerez.jpg\" \/>  <\/p>\n<\/p>\n<p><span class=\"text1noticias\">Cotu\u00ed, 27 Oct 2010.- El Diputado al Congreso Nacional por la provincia S\u00e1nchez Ram\u00edrez, Alejandro Jerez Espinal, sugiri\u00f3 que el desayuno escolar sea manejado por la Iglesia Cat\u00f3lica para que sea corregido el malestar que se ha suscitado en torno al mismo y despejar dudas en el porvenir.<\/span><\/p>\n<\/p>\n<p><span class=\"text1noticias\">Sostiene Jerez que la instituci\u00f3n eclesial dispone de una s\u00f3lida, eficiente y omnipresente estructura en toda la geograf\u00eda nacional que hace viable y expedito el manejo de este importante elemento en la vida educativa de nuestros ni\u00f1os, con lo que se evitar\u00eda  los eventos perturbadores que vienen aconteciendo y que erosionan la fe p\u00fablica en las autoridades del \u00e1rea y en el plan alimenticio.<\/span><\/p>\n<\/p>\n<p><span class=\"text1noticias\">El legislador Jerez Espinal entiende que los organismos responsables de llevar dicha raci\u00f3n a los escolares son aptos, pero que, al parecer hay alguien interesado en sabotear el programa para descalificar a quienes lo ejecutan y de paso da\u00f1ar la imagen del Gobierno.<\/span><\/p>\n<\/p>\n<p><span class=\"text1noticias\">Asegura que la Iglesia Cat\u00f3lica posee la mejor plataforma humana y los mecanismos operativos pertinentes para que el desayuno escolar llegue a cualquier lugar, a m\u00e1s gente y con mayor seguridad en el proceso de trasiego y manipulaci\u00f3n de los alimentos que conforman la dieta matinal del educando.<\/span><\/p>\n<\/p>\n<p><span class=\"text1noticias\">Finalmente el legislador propone un ente de seguimiento y asesor\u00eda que involucre a representantes del Gobierno, la prensa, profesionales y t\u00e9cnicos del sector productor de alimentos y nutricionistas para que le den monitoreo cabal y permanente en armon\u00eda con el organismo cat\u00f3lico que asuma el delicado compromiso.<\/span><\/p>\n<h6> 2010-10-27 15:40:41 <\/h6>\n<p><!--\n<link rel=\"stylesheet\" href=\"css\/bootstrap.min.css\">\n\n\n<ul class=\"pagination\">\n\t    \n\t\n\n<li >\n\t<a href='?page_no=30804'>Previous<\/a>\n\t<\/li>\n\n\n       \n    \n\n<li><a href='?page_no=1'>1<\/a><\/li>\n\n\n\n<li><a href='?page_no=2'>2<\/a><\/li>\n\n\n\n<li><a>...<\/a><\/li>\n\n\n\n<li><a href='?page_no=30803'>30803<\/a><\/li>\n\n\n\n<li><a href='?page_no=30804'>30804<\/a><\/li>\n\n\n\n<li class='active'><a>30805<\/a><\/li>\n\n\n\n<li><a href='?page_no=30806'>30806<\/a><\/li>\n\n\n\n<li><a href='?page_no=30807'>30807<\/a><\/li>\n\n\n\n<li><a>...<\/a><\/li>\n\n\n\n<li><a href='?page_no=31963'>31963<\/a><\/li>\n\n\n\n<li><a href='?page_no=31964'>31964<\/a><\/li>\n\n    \n\t\n\n<li >\n\t<a href='?page_no=30806'>Next<\/a>\n\t<\/li>\n\n\n    \n\n<li><a href='?page_no=31964'>Last &rsaquo;&rsaquo;<\/a><\/li>\n\n<\/ul>\n\n\n--><br \/>\n<\/body><\/p>\n","protected":false},"excerpt":{"rendered":"<p>Cotu\u00ed, 27 Oct 2010.- El Diputado al Congreso Nacional por la provincia S\u00e1nchez Ram\u00edrez, Alejandro Jerez Espinal, sugiri\u00f3 que el desayuno escolar sea manejado por la Iglesia Cat\u00f3lica para que sea corregido el malestar que se ha suscitado en torno al mismo y despejar dudas en el porvenir. Sostiene Jerez que la instituci\u00f3n eclesial dispone [&hellip;]<\/p>\n","protected":false},"author":3,"featured_media":0,"comment_status":"open","ping_status":"open","sticky":false,"template":"","format":"standard","meta":{"footnotes":""},"categories":[24],"tags":[],"class_list":["post-155637","post","type-post","status-publish","format-standard","hentry","category-justicia-y-derecho"],"_links":{"self":[{"href":"https:\/\/diariodominicano.com\/index.php?rest_route=\/wp\/v2\/posts\/155637","targetHints":{"allow":["GET"]}}],"collection":[{"href":"https:\/\/diariodominicano.com\/index.php?rest_route=\/wp\/v2\/posts"}],"about":[{"href":"https:\/\/diariodominicano.com\/index.php?rest_route=\/wp\/v2\/types\/post"}],"author":[{"embeddable":true,"href":"https:\/\/diariodominicano.com\/index.php?rest_route=\/wp\/v2\/users\/3"}],"replies":[{"embeddable":true,"href":"https:\/\/diariodominicano.com\/index.php?rest_route=%2Fwp%2Fv2%2Fcomments&post=155637"}],"version-history":[{"count":0,"href":"https:\/\/diariodominicano.com\/index.php?rest_route=\/wp\/v2\/posts\/155637\/revisions"}],"wp:attachment":[{"href":"https:\/\/diariodominicano.com\/index.php?rest_route=%2Fwp%2Fv2%2Fmedia&parent=155637"}],"wp:term":[{"taxonomy":"category","embeddable":true,"href":"https:\/\/diariodominicano.com\/index.php?rest_route=%2Fwp%2Fv2%2Fcategories&post=155637"},{"taxonomy":"post_tag","embeddable":true,"href":"https:\/\/diariodominicano.com\/index.php?rest_route=%2Fwp%2Fv2%2Ftags&post=155637"}],"curies":[{"name":"wp","href":"https:\/\/api.w.org\/{rel}","templated":true}]}}