{"id":155636,"date":"2010-10-27T15:56:46","date_gmt":"2010-10-27T15:56:46","guid":{"rendered":"http:\/\/diariodominicano.ddns.net\/?p=155636"},"modified":"2010-10-27T15:56:46","modified_gmt":"2010-10-27T15:56:46","slug":"presidente-fernandez-se-reune-con-su-homologo-de-guatemala-alvaro-colom-en-el-palacio-nacional","status":"publish","type":"post","link":"https:\/\/diariodominicano.com\/?p=155636","title":{"rendered":"Presidente Fern\u00e1ndez se re\u00fane con su hom\u00f3logo de Guatemala \u00c1lvaro Colom en el Palacio Nacional"},"content":{"rendered":"<p><body><\/p>\n<p><img decoding=\"async\" src=\"img3\/Leonel.jpg\" \/>  <\/p>\n<\/p>\n<\/p>\n<p><span class=\"text1noticias\">Santo Domingo, 27 Oct 2010.- El presidente Leonel Fern\u00e1ndez se  reuni\u00f3 este mi\u00e9rcoles con su hom\u00f3logo  de Guatemala \u00c1lvaro Colom, con quien trat\u00f3 temas de inter\u00e9s para ambas naciones.<\/span><\/p>\n<\/p>\n<p><span class=\"text1noticias\">Colom lleg\u00f3 al Palacio Nacional a las 10:55 de la ma\u00f1ana y fue recibido por el personal de protocolo que de inmediato lo introdujo al despacho de Fern\u00e1ndez.<\/span><\/p>\n<\/p>\n<p><span class=\"text1noticias\">Los fot\u00f3grafos y camar\u00f3grafos tuvieron acceso al despacho para tomar  im\u00e1genes del encuentro.<\/span><\/p>\n<p><span class=\"text1noticias\">Hasta el momento no se inform\u00f3 sobre los temas tratados por ambos mandatarios.<\/span><\/p>\n<h6> 2010-10-27 15:56:46 <\/h6>\n<p><!--\n<link rel=\"stylesheet\" href=\"css\/bootstrap.min.css\">\n\n\n<ul class=\"pagination\">\n\t    \n\t\n\n<li >\n\t<a href='?page_no=30803'>Previous<\/a>\n\t<\/li>\n\n\n       \n    \n\n<li><a href='?page_no=1'>1<\/a><\/li>\n\n\n\n<li><a href='?page_no=2'>2<\/a><\/li>\n\n\n\n<li><a>...<\/a><\/li>\n\n\n\n<li><a href='?page_no=30802'>30802<\/a><\/li>\n\n\n\n<li><a href='?page_no=30803'>30803<\/a><\/li>\n\n\n\n<li class='active'><a>30804<\/a><\/li>\n\n\n\n<li><a href='?page_no=30805'>30805<\/a><\/li>\n\n\n\n<li><a href='?page_no=30806'>30806<\/a><\/li>\n\n\n\n<li><a>...<\/a><\/li>\n\n\n\n<li><a href='?page_no=31963'>31963<\/a><\/li>\n\n\n\n<li><a href='?page_no=31964'>31964<\/a><\/li>\n\n    \n\t\n\n<li >\n\t<a href='?page_no=30805'>Next<\/a>\n\t<\/li>\n\n\n    \n\n<li><a href='?page_no=31964'>Last &rsaquo;&rsaquo;<\/a><\/li>\n\n<\/ul>\n\n\n--><br \/>\n<\/body><\/p>\n","protected":false},"excerpt":{"rendered":"<p>Santo Domingo, 27 Oct 2010.- El presidente Leonel Fern\u00e1ndez se reuni\u00f3 este mi\u00e9rcoles con su hom\u00f3logo de Guatemala \u00c1lvaro Colom, con quien trat\u00f3 temas de inter\u00e9s para ambas naciones. Colom lleg\u00f3 al Palacio Nacional a las 10:55 de la ma\u00f1ana y fue recibido por el personal de protocolo que de inmediato lo introdujo al despacho [&hellip;]<\/p>\n","protected":false},"author":3,"featured_media":0,"comment_status":"open","ping_status":"open","sticky":false,"template":"","format":"standard","meta":{"footnotes":""},"categories":[24],"tags":[],"class_list":["post-155636","post","type-post","status-publish","format-standard","hentry","category-justicia-y-derecho"],"_links":{"self":[{"href":"https:\/\/diariodominicano.com\/index.php?rest_route=\/wp\/v2\/posts\/155636","targetHints":{"allow":["GET"]}}],"collection":[{"href":"https:\/\/diariodominicano.com\/index.php?rest_route=\/wp\/v2\/posts"}],"about":[{"href":"https:\/\/diariodominicano.com\/index.php?rest_route=\/wp\/v2\/types\/post"}],"author":[{"embeddable":true,"href":"https:\/\/diariodominicano.com\/index.php?rest_route=\/wp\/v2\/users\/3"}],"replies":[{"embeddable":true,"href":"https:\/\/diariodominicano.com\/index.php?rest_route=%2Fwp%2Fv2%2Fcomments&post=155636"}],"version-history":[{"count":0,"href":"https:\/\/diariodominicano.com\/index.php?rest_route=\/wp\/v2\/posts\/155636\/revisions"}],"wp:attachment":[{"href":"https:\/\/diariodominicano.com\/index.php?rest_route=%2Fwp%2Fv2%2Fmedia&parent=155636"}],"wp:term":[{"taxonomy":"category","embeddable":true,"href":"https:\/\/diariodominicano.com\/index.php?rest_route=%2Fwp%2Fv2%2Fcategories&post=155636"},{"taxonomy":"post_tag","embeddable":true,"href":"https:\/\/diariodominicano.com\/index.php?rest_route=%2Fwp%2Fv2%2Ftags&post=155636"}],"curies":[{"name":"wp","href":"https:\/\/api.w.org\/{rel}","templated":true}]}}