{"id":155635,"date":"2010-10-27T16:51:50","date_gmt":"2010-10-27T16:51:50","guid":{"rendered":"http:\/\/diariodominicano.ddns.net\/?p=155635"},"modified":"2010-10-27T16:51:50","modified_gmt":"2010-10-27T16:51:50","slug":"onamet-vaticina-temperaturas-agradables-para-este-dia","status":"publish","type":"post","link":"https:\/\/diariodominicano.com\/?p=155635","title":{"rendered":"ONAMET vaticina temperaturas agradables para este d\u00eda"},"content":{"rendered":"<p><body><\/p>\n<p><span class=\"text1noticias\">Santo Domingo, RD, 27 oct 2010.- La Oficina Nacional de Meteorolog\u00eda ?ONAMET- inform\u00f3 que este mi\u00e9rcoles las temperaturas se tornar\u00e1n agradables, aunque  se registrar\u00e1n chubascos aislados y de corta duraci\u00f3n con tronadas en  algunas zonas del pa\u00eds.<\/span><\/p>\n<\/p>\n<p><span class=\"text1noticias\">Las provincias donde se presentar\u00e1n precipitaciones son Puerto Plata, Santiago, Saman\u00e1, Mar\u00eda Trinidad S\u00e1nchez, Espaillat, Salcedo, Duarte, Monte Plata, Hato Mayor y  El Seibo.<\/span><\/p>\n<\/p>\n<p><span class=\"text1noticias\">Asimismo la ONAMET  vigila una zona de aguaceros y tormentas el\u00e9ctricas, localizada a unos 1920 kil\u00f3metros al Noroeste de las islas de Cabo Verde. Este sistema muestra  un bajo potencial para alcanzar la categor\u00eda de cicl\u00f3n tropical.<\/span><\/p>\n<\/p>\n<p><span class=\"text1noticias\">Para Santo Domingo y el Distrito Nacional se esperan nubes dispersas aumentando en ocasiones con chubascos aislados en horas de la tarde. <\/span><\/p>\n<\/p>\n<h6> 2010-10-27 16:51:50 <\/h6>\n<p><!--\n<link rel=\"stylesheet\" href=\"css\/bootstrap.min.css\">\n\n\n<ul class=\"pagination\">\n\t    \n\t\n\n<li >\n\t<a href='?page_no=30802'>Previous<\/a>\n\t<\/li>\n\n\n       \n    \n\n<li><a href='?page_no=1'>1<\/a><\/li>\n\n\n\n<li><a href='?page_no=2'>2<\/a><\/li>\n\n\n\n<li><a>...<\/a><\/li>\n\n\n\n<li><a href='?page_no=30801'>30801<\/a><\/li>\n\n\n\n<li><a href='?page_no=30802'>30802<\/a><\/li>\n\n\n\n<li class='active'><a>30803<\/a><\/li>\n\n\n\n<li><a href='?page_no=30804'>30804<\/a><\/li>\n\n\n\n<li><a href='?page_no=30805'>30805<\/a><\/li>\n\n\n\n<li><a>...<\/a><\/li>\n\n\n\n<li><a href='?page_no=31963'>31963<\/a><\/li>\n\n\n\n<li><a href='?page_no=31964'>31964<\/a><\/li>\n\n    \n\t\n\n<li >\n\t<a href='?page_no=30804'>Next<\/a>\n\t<\/li>\n\n\n    \n\n<li><a href='?page_no=31964'>Last &rsaquo;&rsaquo;<\/a><\/li>\n\n<\/ul>\n\n\n--><br \/>\n<\/body><\/p>\n","protected":false},"excerpt":{"rendered":"<p>Santo Domingo, RD, 27 oct 2010.- La Oficina Nacional de Meteorolog\u00eda ?ONAMET- inform\u00f3 que este mi\u00e9rcoles las temperaturas se tornar\u00e1n agradables, aunque se registrar\u00e1n chubascos aislados y de corta duraci\u00f3n con tronadas en algunas zonas del pa\u00eds. Las provincias donde se presentar\u00e1n precipitaciones son Puerto Plata, Santiago, Saman\u00e1, Mar\u00eda Trinidad S\u00e1nchez, Espaillat, Salcedo, Duarte, Monte [&hellip;]<\/p>\n","protected":false},"author":3,"featured_media":0,"comment_status":"open","ping_status":"open","sticky":false,"template":"","format":"standard","meta":{"footnotes":""},"categories":[24],"tags":[],"class_list":["post-155635","post","type-post","status-publish","format-standard","hentry","category-justicia-y-derecho"],"_links":{"self":[{"href":"https:\/\/diariodominicano.com\/index.php?rest_route=\/wp\/v2\/posts\/155635","targetHints":{"allow":["GET"]}}],"collection":[{"href":"https:\/\/diariodominicano.com\/index.php?rest_route=\/wp\/v2\/posts"}],"about":[{"href":"https:\/\/diariodominicano.com\/index.php?rest_route=\/wp\/v2\/types\/post"}],"author":[{"embeddable":true,"href":"https:\/\/diariodominicano.com\/index.php?rest_route=\/wp\/v2\/users\/3"}],"replies":[{"embeddable":true,"href":"https:\/\/diariodominicano.com\/index.php?rest_route=%2Fwp%2Fv2%2Fcomments&post=155635"}],"version-history":[{"count":0,"href":"https:\/\/diariodominicano.com\/index.php?rest_route=\/wp\/v2\/posts\/155635\/revisions"}],"wp:attachment":[{"href":"https:\/\/diariodominicano.com\/index.php?rest_route=%2Fwp%2Fv2%2Fmedia&parent=155635"}],"wp:term":[{"taxonomy":"category","embeddable":true,"href":"https:\/\/diariodominicano.com\/index.php?rest_route=%2Fwp%2Fv2%2Fcategories&post=155635"},{"taxonomy":"post_tag","embeddable":true,"href":"https:\/\/diariodominicano.com\/index.php?rest_route=%2Fwp%2Fv2%2Ftags&post=155635"}],"curies":[{"name":"wp","href":"https:\/\/api.w.org\/{rel}","templated":true}]}}