{"id":155634,"date":"2010-10-27T17:41:27","date_gmt":"2010-10-27T17:41:27","guid":{"rendered":"http:\/\/diariodominicano.ddns.net\/?p=155634"},"modified":"2010-10-27T17:41:27","modified_gmt":"2010-10-27T17:41:27","slug":"director-idac-propone-ayudar-sistema-de-aviacion-haitiano","status":"publish","type":"post","link":"https:\/\/diariodominicano.com\/?p=155634","title":{"rendered":"Director IDAC propone ayudar sistema de aviaci\u00f3n haitiano"},"content":{"rendered":"<p><body><\/p>\n<p><img decoding=\"async\" src=\"http:\/\/localhost:8080\/justiciayderecho\/img3\/idac II.JPG\" \/><br \/><img decoding=\"async\" src=\"http:\/\/localhost:8080\/justiciayderecho\/img3\/idac.JPG\" \/>  <\/p>\n<\/p>\n<p><span class=\"text1noticias\">Punta Cana, 27 Oct 2010.- La seguridad de la aviaci\u00f3n y las medidas para evitar que los accidentes a\u00e9reos sucedan, son los principales temas a tratar durante la celebraci\u00f3n de la Tercera Reuni\u00f3n Regional Sobre Seguridad Operacional de la Aviaci\u00f3n Panamericana (RASG-PA\/3), que se celebra del 27 al 29 de este mes en esta zona tur\u00edstica.<\/span><\/p>\n<\/p>\n<p><span class=\"text1noticias\">El director general del Instituto Dominicano de Aviaci\u00f3n Civil (IDAC), Jos\u00e9 Tomas P\u00e9rez, aprovechando la ocasi\u00f3n de que en este evento participan representantes de 11 pa\u00edses y 12 organizaciones internacionales de aviaci\u00f3n civil, para gestionar ayudas concretas al sistema de aviaci\u00f3n civil de Hait\u00ed.<\/span><\/p>\n<\/p>\n<p><span class=\"text1noticias\">\u00abDespu\u00e9s del terremoto de enero pasado, el vecino pa\u00eds de Hait\u00ed qued\u00f3 devastado y su sistema de aviaci\u00f3n colaps\u00f3, consideramos una prioridad que se gestionen ayudas concretas, aprovechando esta tercera reuni\u00f3n, que apoyemos los programas de de colaboraci\u00f3n para ese pa\u00eds, empezando por el \u00e1rea de la aviaci\u00f3n\u00bb, solicito P\u00e9rez.<\/span><\/p>\n<\/p>\n<p><span class=\"text1noticias\">En ese mismo sentido, destac\u00f3 que la Rep\u00fablica Dominicana ha experimentado en los \u00faltimos a\u00f1os un crecimiento considerable de su seguridad operacional, gracias al trabajo que realizan los t\u00e9cnicos del IDAC y de la supervisi\u00f3n de instituciones como la Organizaci\u00f3n de Aviaci\u00f3n Civil Internacional (OACI), y la Administraci\u00f3n Federal de Aviaci\u00f3n de los Estados Unidos (FAA).<\/span><\/p>\n<\/p>\n<p><span class=\"text1noticias\">La directora Regional para la Oficina para Norteam\u00e9rica, Centroam\u00e9rica y El Caribe, de la OACI, Loretta Martin, reconoci\u00f3 que los accidentes a\u00e9reos no deben pasar, porque a pesar de que cada d\u00eda se realizan miles de vuelos alrededor del mundo, hay personas que velan por la seguridad a\u00e9rea.<\/span><\/p>\n<\/p>\n<p><span class=\"text1noticias\">\u00abEn el ano 2009 2.3 billones de pasajeros recorrieron el mundo y solo 654 personas fueron v\u00edctimas de accidentes fatales, esto significa que la reducci\u00f3n de accidentes ha sido considerable, pero nuestra meta es que no haya un solo accidente a\u00e9reo, que nadie salga lesionado durante una operaci\u00f3n a\u00e9rea\u00bb, manifest\u00f3 Martin.<\/span><\/p>\n<\/p>\n<p><span class=\"text1noticias\">Lo mismo plantearon el presidente de la RASG-PA y director de Aviaci\u00f3n de Jamaica y Franklin Hoyer, director Regional para la Oficina Sudamericana se la OACI.<\/span><\/p>\n<\/p>\n<p><span class=\"text1noticias\">La Tercera Reuni\u00f3n del Grupo Regional Sobre Seguridad Operacional de la Aviaci\u00f3n Panamericana RASG-PA agrupa a directores y t\u00e9cnicos de aviaci\u00f3n de la regi\u00f3n.<\/span><\/p>\n<\/p>\n<h6> 2010-10-27 17:41:27 <\/h6>\n<p><!--\n<link rel=\"stylesheet\" href=\"css\/bootstrap.min.css\">\n\n\n<ul class=\"pagination\">\n\t    \n\t\n\n<li >\n\t<a href='?page_no=30801'>Previous<\/a>\n\t<\/li>\n\n\n       \n    \n\n<li><a href='?page_no=1'>1<\/a><\/li>\n\n\n\n<li><a href='?page_no=2'>2<\/a><\/li>\n\n\n\n<li><a>...<\/a><\/li>\n\n\n\n<li><a href='?page_no=30800'>30800<\/a><\/li>\n\n\n\n<li><a href='?page_no=30801'>30801<\/a><\/li>\n\n\n\n<li class='active'><a>30802<\/a><\/li>\n\n\n\n<li><a href='?page_no=30803'>30803<\/a><\/li>\n\n\n\n<li><a href='?page_no=30804'>30804<\/a><\/li>\n\n\n\n<li><a>...<\/a><\/li>\n\n\n\n<li><a href='?page_no=31963'>31963<\/a><\/li>\n\n\n\n<li><a href='?page_no=31964'>31964<\/a><\/li>\n\n    \n\t\n\n<li >\n\t<a href='?page_no=30803'>Next<\/a>\n\t<\/li>\n\n\n    \n\n<li><a href='?page_no=31964'>Last &rsaquo;&rsaquo;<\/a><\/li>\n\n<\/ul>\n\n\n--><br \/>\n<\/body><\/p>\n","protected":false},"excerpt":{"rendered":"<p>Punta Cana, 27 Oct 2010.- La seguridad de la aviaci\u00f3n y las medidas para evitar que los accidentes a\u00e9reos sucedan, son los principales temas a tratar durante la celebraci\u00f3n de la Tercera Reuni\u00f3n Regional Sobre Seguridad Operacional de la Aviaci\u00f3n Panamericana (RASG-PA\/3), que se celebra del 27 al 29 de este mes en esta zona [&hellip;]<\/p>\n","protected":false},"author":3,"featured_media":0,"comment_status":"open","ping_status":"open","sticky":false,"template":"","format":"standard","meta":{"footnotes":""},"categories":[24],"tags":[],"class_list":["post-155634","post","type-post","status-publish","format-standard","hentry","category-justicia-y-derecho"],"_links":{"self":[{"href":"https:\/\/diariodominicano.com\/index.php?rest_route=\/wp\/v2\/posts\/155634","targetHints":{"allow":["GET"]}}],"collection":[{"href":"https:\/\/diariodominicano.com\/index.php?rest_route=\/wp\/v2\/posts"}],"about":[{"href":"https:\/\/diariodominicano.com\/index.php?rest_route=\/wp\/v2\/types\/post"}],"author":[{"embeddable":true,"href":"https:\/\/diariodominicano.com\/index.php?rest_route=\/wp\/v2\/users\/3"}],"replies":[{"embeddable":true,"href":"https:\/\/diariodominicano.com\/index.php?rest_route=%2Fwp%2Fv2%2Fcomments&post=155634"}],"version-history":[{"count":0,"href":"https:\/\/diariodominicano.com\/index.php?rest_route=\/wp\/v2\/posts\/155634\/revisions"}],"wp:attachment":[{"href":"https:\/\/diariodominicano.com\/index.php?rest_route=%2Fwp%2Fv2%2Fmedia&parent=155634"}],"wp:term":[{"taxonomy":"category","embeddable":true,"href":"https:\/\/diariodominicano.com\/index.php?rest_route=%2Fwp%2Fv2%2Fcategories&post=155634"},{"taxonomy":"post_tag","embeddable":true,"href":"https:\/\/diariodominicano.com\/index.php?rest_route=%2Fwp%2Fv2%2Ftags&post=155634"}],"curies":[{"name":"wp","href":"https:\/\/api.w.org\/{rel}","templated":true}]}}