{"id":155633,"date":"2010-10-27T18:48:11","date_gmt":"2010-10-27T18:48:11","guid":{"rendered":"http:\/\/diariodominicano.ddns.net\/?p=155633"},"modified":"2010-10-27T18:48:11","modified_gmt":"2010-10-27T18:48:11","slug":"presidente-de-guatemala-clama-porque-la-comunidad-internacional-vaya-en-auxilio-de-haiti","status":"publish","type":"post","link":"https:\/\/diariodominicano.com\/?p=155633","title":{"rendered":"&#13;Presidente de Guatemala clama porque la comunidad internacional vaya en auxilio de Hait\u00ed"},"content":{"rendered":"<p><body><\/p>\n<p><img decoding=\"async\" src=\"img3\/Alvaro Colon.JPG\" \/><br \/><img decoding=\"async\" src=\"http:\/\/localhost:8080\/justiciayderecho\/img3\/DSC_2867.JPG\" \/>  <\/p>\n<p> <span class=\"text1noticias\"> <\/span><\/p>\n<p><span class=\"text1noticias\"> <\/span><\/p>\n<p><span class=\"text1noticias\"> <\/span><\/p>\n<p><span class=\"text1noticias\">Por: Roberto Rodr\u00edguez <\/span><\/p>\n<\/p>\n<p><span class=\"text1noticias\">Santo Domingo, 27 Oct 2010.- El presidente de  la Republica de Guatemala, hizo un llamado a la comunidad internacional a acudir de forma urgente en auxilio de la Republica de Hait\u00ed , ante los graves y acuciantes males que esta atravesando esa naci\u00f3n caribe\u00f1a , los cuales se han agudizado con la epidemia de c\u00f3lera que les afecta , donde han muertos en los \u00faltimos d\u00edas cientos de nacionales haitianos .<\/span><\/p>\n<\/p>\n<p><span class=\"text1noticias\">El mandatario Alvaro Colom , tras sostener un encuentro por mas de una hora con su homologo el Presidente dominicano Leonel Fern\u00e1ndez en su despacho del Palacio Nacional dijo que Hait\u00ed demanda de la ayuda internacional , por lo que no se debe de actual con indiferencia , mas aun luego del terremoto que afecto al pa\u00eds caribe\u00f1o en enero de este a\u00f1o .<\/span><\/p>\n<p><span class=\"text1noticias\"> <\/span><\/p>\n<p><span class=\"text1noticias\">Dijo adem\u00e1s que Hait\u00ed esta viviendo un gran estado de hacinamiento e insalubridad , por lo  tanto los males sociales y econ\u00f3mico que padece esa naci\u00f3n se han prolongando por la falta de ayuda de las naciones mas poderosa del mundo .<\/span><\/p>\n<p><span class=\"text1noticias\"> <\/span><\/p>\n<p><span class=\"text1noticias\">El mandatario de Guatemala  en otro orden dijo que las relaciones comerciales con su pa\u00eds y la Republica Dominicana se van a incrementar en los meses venideros , aunque en la actualidad se han venido comercializando entre las dos naciones muy pocos productos .<\/span><\/p>\n<p><span class=\"text1noticias\"> <\/span><\/p>\n<p><span class=\"text1noticias\">Al referirse en una improvisada rueda de prensa en las escalinatas del Palacio de gobierno dominicano al turismo  de Republica Dominicana destaco las playas y r\u00edos que posee la naci\u00f3n para su desarrollo en ese gran potencial que representa el turismo en esa \u00e1rea , situaci\u00f3n esta que no tiene su pa\u00eds  por su ubicaci\u00f3n geogr\u00e1fica .<\/span><\/p>\n<p><span class=\"text1noticias\"> <\/span><\/p>\n<p><span class=\"text1noticias\">Sin embargo , en la reuni\u00f3n  con el Presidente dominicano Leonel Fern\u00e1ndez trataron los temas concerniente a la seguridad regional , cambio clim\u00e1tico y narcotr\u00e1fico con el  fin de buscar los mecanismos para que existe un mayor control de parte de los gobiernos en la regi\u00f3n .<\/span><\/p>\n<\/p>\n<p><span class=\"text1noticias\">NO obstante , el mandatario de Guatemala Alvaro Colom en su visita de menos de 24 horas en el pa\u00eds caribe\u00f1o sostuvo una reuni\u00f3n con empresarios tur\u00edsticos  de la regi\u00f3n Este , as\u00ed como propietarios de cruceros que realizan excursiones por  los pa\u00edses caribe\u00f1os y centroamericanos .<\/span><\/p>\n<\/p>\n<p><span class=\"text1noticias\">El mandatario en su visita a la Republica Dominicana se hizo acompa\u00f1ar del director de turismo de su pa\u00eds Roberto Robles , el secretario de comunicaciones de su gobierno Ronaldo Robles  y el director administrativo Ricardo Makely , mientras que por el gobierno dominicano el Presidente Leonel Fern\u00e1ndez se hizo acompa\u00f1ar de Luis Manuel Bonetti , Ministro Administrativo de la Presidencia , el canciller Carlos Morales Troncoso y el ingeniero Temistocles Montas , titular de Econom\u00eda Planificaci\u00f3n y Desarrollo.<\/span><\/p>\n<\/p>\n<h6> 2010-10-27 18:48:11 <\/h6>\n<p><!--\n<link rel=\"stylesheet\" href=\"css\/bootstrap.min.css\">\n\n\n<ul class=\"pagination\">\n\t    \n\t\n\n<li >\n\t<a href='?page_no=30800'>Previous<\/a>\n\t<\/li>\n\n\n       \n    \n\n<li><a href='?page_no=1'>1<\/a><\/li>\n\n\n\n<li><a href='?page_no=2'>2<\/a><\/li>\n\n\n\n<li><a>...<\/a><\/li>\n\n\n\n<li><a href='?page_no=30799'>30799<\/a><\/li>\n\n\n\n<li><a href='?page_no=30800'>30800<\/a><\/li>\n\n\n\n<li class='active'><a>30801<\/a><\/li>\n\n\n\n<li><a href='?page_no=30802'>30802<\/a><\/li>\n\n\n\n<li><a href='?page_no=30803'>30803<\/a><\/li>\n\n\n\n<li><a>...<\/a><\/li>\n\n\n\n<li><a href='?page_no=31963'>31963<\/a><\/li>\n\n\n\n<li><a href='?page_no=31964'>31964<\/a><\/li>\n\n    \n\t\n\n<li >\n\t<a href='?page_no=30802'>Next<\/a>\n\t<\/li>\n\n\n    \n\n<li><a href='?page_no=31964'>Last &rsaquo;&rsaquo;<\/a><\/li>\n\n<\/ul>\n\n\n--><br \/>\n<\/body><\/p>\n","protected":false},"excerpt":{"rendered":"<p>Por: Roberto Rodr\u00edguez Santo Domingo, 27 Oct 2010.- El presidente de la Republica de Guatemala, hizo un llamado a la comunidad internacional a acudir de forma urgente en auxilio de la Republica de Hait\u00ed , ante los graves y acuciantes males que esta atravesando esa naci\u00f3n caribe\u00f1a , los cuales se han agudizado con la [&hellip;]<\/p>\n","protected":false},"author":3,"featured_media":0,"comment_status":"open","ping_status":"open","sticky":false,"template":"","format":"standard","meta":{"footnotes":""},"categories":[24],"tags":[],"class_list":["post-155633","post","type-post","status-publish","format-standard","hentry","category-justicia-y-derecho"],"_links":{"self":[{"href":"https:\/\/diariodominicano.com\/index.php?rest_route=\/wp\/v2\/posts\/155633","targetHints":{"allow":["GET"]}}],"collection":[{"href":"https:\/\/diariodominicano.com\/index.php?rest_route=\/wp\/v2\/posts"}],"about":[{"href":"https:\/\/diariodominicano.com\/index.php?rest_route=\/wp\/v2\/types\/post"}],"author":[{"embeddable":true,"href":"https:\/\/diariodominicano.com\/index.php?rest_route=\/wp\/v2\/users\/3"}],"replies":[{"embeddable":true,"href":"https:\/\/diariodominicano.com\/index.php?rest_route=%2Fwp%2Fv2%2Fcomments&post=155633"}],"version-history":[{"count":0,"href":"https:\/\/diariodominicano.com\/index.php?rest_route=\/wp\/v2\/posts\/155633\/revisions"}],"wp:attachment":[{"href":"https:\/\/diariodominicano.com\/index.php?rest_route=%2Fwp%2Fv2%2Fmedia&parent=155633"}],"wp:term":[{"taxonomy":"category","embeddable":true,"href":"https:\/\/diariodominicano.com\/index.php?rest_route=%2Fwp%2Fv2%2Fcategories&post=155633"},{"taxonomy":"post_tag","embeddable":true,"href":"https:\/\/diariodominicano.com\/index.php?rest_route=%2Fwp%2Fv2%2Ftags&post=155633"}],"curies":[{"name":"wp","href":"https:\/\/api.w.org\/{rel}","templated":true}]}}