{"id":155631,"date":"2010-10-27T19:19:13","date_gmt":"2010-10-27T19:19:13","guid":{"rendered":"http:\/\/diariodominicano.ddns.net\/?p=155631"},"modified":"2010-10-27T19:19:13","modified_gmt":"2010-10-27T19:19:13","slug":"especialista-sarita-valdez-considera-ilusorio-sellar-la-frontera-para-prevenir-colera","status":"publish","type":"post","link":"https:\/\/diariodominicano.com\/?p=155631","title":{"rendered":"Especialista Sarita Valdez considera ilusorio \u00absellar la frontera\u00bb para prevenir  c\u00f3lera"},"content":{"rendered":"<p><body><\/p>\n<p><span class=\"text1noticias\">Santo Domingo.- El  medico Sergio Sarita Valdez, dirigente nacional del Partido de la Liberaci\u00f3n Dominicana ponder\u00f3 las medidas de corte preventivo ejecutadas por las autoridades sanitarias de Republica Dominicana  ante los casos de c\u00f3lera reportados en el vecino pa\u00eds de Hait\u00ed.<\/span><\/p>\n<\/p>\n<p><span class=\"text1noticias\">\u00abEstamos actuando de manera correcta en el orden epidemiol\u00f3gico\u00bb explic\u00f3 el tambi\u00e9n viceministro de Salud Publica favoreciendo las medidas de controles tomadas en la frontera y la orientaci\u00f3n a la poblaci\u00f3n.<\/span><\/p>\n<\/p>\n<p><span class=\"text1noticias\">En ese orden destac\u00f3 la vigilancia sobre la frontera, las orientaciones a la ciudadan\u00eda, la ayuda al gobierno haitiano favoreciendo que el agua sea clorinada, entre otros aspectos preventivos.<\/span><\/p>\n<\/p>\n<p><span class=\"text1noticias\">El experto Sarita Valdez considera como iluso que se produzca \u00abun sello de la frontera\u00bb porque materialmente eso es imposible: \u00abPor razones sencillamente l\u00f3gica no se puede sellar la frontera\u00bb declar\u00f3 al programa radial Acci\u00f3n matinal.<\/span><\/p>\n<\/p>\n<p><span class=\"text1noticias\">Lo que manda la circunstancia es que el sistema sanitario dominicano con la colaboraci\u00f3n de los organismos internacionales, se mantenga en alerta vigilante porque es f\u00e1cil que el  micro organismo productor de la enfermedad pueda pasar con facilidad de un pa\u00eds a otro.    <\/span><\/p>\n<\/p>\n<p><span class=\"text1noticias\">\u00abEn Republica Dominicana debemos incrementar el alerta para incrementar las medidas  de higiene que se debe ense\u00f1ar en las escuelas, casa por casa y orientaciones por los medios de comunicaci\u00f3n ante la vecindad del \u00e1rea afectada\u00bb declar\u00f3 Sarita Valdez en un despacho de prensa a cargo de la Secretar\u00eda de Comunicaciones del PLD.<\/span><\/p>\n<\/p>\n<p><span class=\"text1noticias\">Considera que en estos casos se debe actuar con mucha cautela y prepararse para la penetraci\u00f3n de la bacteria a nuestro territorio, pero que es ilusorio hablar de sellar la frontera.<\/span><\/p>\n<\/p>\n<p><span class=\"text1noticias\">A pesar de que la tasa de mortalidad est\u00e1 descendiendo, la Organizaci\u00f3n Mundial de la Salud (OMS)  asegur\u00f3 en la  ma\u00f1ana del mi\u00e9rcoles  que el brote a\u00fan no ha alcanzado su pico. Los datos del organismo mundial confirman que la tasa de mortalidad era de un 10% de los casos hace ocho d\u00edas y se ha reducido a un 7,7%.<\/span><\/p>\n<\/p>\n<\/p>\n<h6> 2010-10-27 19:19:13 <\/h6>\n<p><!--\n<link rel=\"stylesheet\" href=\"css\/bootstrap.min.css\">\n\n\n<ul class=\"pagination\">\n\t    \n\t\n\n<li >\n\t<a href='?page_no=30798'>Previous<\/a>\n\t<\/li>\n\n\n       \n    \n\n<li><a href='?page_no=1'>1<\/a><\/li>\n\n\n\n<li><a href='?page_no=2'>2<\/a><\/li>\n\n\n\n<li><a>...<\/a><\/li>\n\n\n\n<li><a href='?page_no=30797'>30797<\/a><\/li>\n\n\n\n<li><a href='?page_no=30798'>30798<\/a><\/li>\n\n\n\n<li class='active'><a>30799<\/a><\/li>\n\n\n\n<li><a href='?page_no=30800'>30800<\/a><\/li>\n\n\n\n<li><a href='?page_no=30801'>30801<\/a><\/li>\n\n\n\n<li><a>...<\/a><\/li>\n\n\n\n<li><a href='?page_no=31963'>31963<\/a><\/li>\n\n\n\n<li><a href='?page_no=31964'>31964<\/a><\/li>\n\n    \n\t\n\n<li >\n\t<a href='?page_no=30800'>Next<\/a>\n\t<\/li>\n\n\n    \n\n<li><a href='?page_no=31964'>Last &rsaquo;&rsaquo;<\/a><\/li>\n\n<\/ul>\n\n\n--><br \/>\n<\/body><\/p>\n","protected":false},"excerpt":{"rendered":"<p>Santo Domingo.- El medico Sergio Sarita Valdez, dirigente nacional del Partido de la Liberaci\u00f3n Dominicana ponder\u00f3 las medidas de corte preventivo ejecutadas por las autoridades sanitarias de Republica Dominicana ante los casos de c\u00f3lera reportados en el vecino pa\u00eds de Hait\u00ed. \u00abEstamos actuando de manera correcta en el orden epidemiol\u00f3gico\u00bb explic\u00f3 el tambi\u00e9n viceministro de [&hellip;]<\/p>\n","protected":false},"author":3,"featured_media":0,"comment_status":"open","ping_status":"open","sticky":false,"template":"","format":"standard","meta":{"footnotes":""},"categories":[24],"tags":[],"class_list":["post-155631","post","type-post","status-publish","format-standard","hentry","category-justicia-y-derecho"],"_links":{"self":[{"href":"https:\/\/diariodominicano.com\/index.php?rest_route=\/wp\/v2\/posts\/155631","targetHints":{"allow":["GET"]}}],"collection":[{"href":"https:\/\/diariodominicano.com\/index.php?rest_route=\/wp\/v2\/posts"}],"about":[{"href":"https:\/\/diariodominicano.com\/index.php?rest_route=\/wp\/v2\/types\/post"}],"author":[{"embeddable":true,"href":"https:\/\/diariodominicano.com\/index.php?rest_route=\/wp\/v2\/users\/3"}],"replies":[{"embeddable":true,"href":"https:\/\/diariodominicano.com\/index.php?rest_route=%2Fwp%2Fv2%2Fcomments&post=155631"}],"version-history":[{"count":0,"href":"https:\/\/diariodominicano.com\/index.php?rest_route=\/wp\/v2\/posts\/155631\/revisions"}],"wp:attachment":[{"href":"https:\/\/diariodominicano.com\/index.php?rest_route=%2Fwp%2Fv2%2Fmedia&parent=155631"}],"wp:term":[{"taxonomy":"category","embeddable":true,"href":"https:\/\/diariodominicano.com\/index.php?rest_route=%2Fwp%2Fv2%2Fcategories&post=155631"},{"taxonomy":"post_tag","embeddable":true,"href":"https:\/\/diariodominicano.com\/index.php?rest_route=%2Fwp%2Fv2%2Ftags&post=155631"}],"curies":[{"name":"wp","href":"https:\/\/api.w.org\/{rel}","templated":true}]}}