{"id":155628,"date":"2010-10-27T20:05:00","date_gmt":"2010-10-27T20:05:00","guid":{"rendered":"http:\/\/diariodominicano.ddns.net\/?p=155628"},"modified":"2010-10-27T20:05:00","modified_gmt":"2010-10-27T20:05:00","slug":"pro-consumidor-advierte-no-claudicara-sometera-a-la-justicia-entidades-se-resistan-registrar-contratos-de-adhesion","status":"publish","type":"post","link":"https:\/\/diariodominicano.com\/?p=155628","title":{"rendered":"Pro Consumidor advierte no claudicar\u00e1; someter\u00e1 a la Justicia entidades se resistan registrar contratos de adhesi\u00f3n&#13;"},"content":{"rendered":"<p><body><\/p>\n<p><img decoding=\"async\" src=\"http:\/\/localhost:8080\/justiciayderecho\/img3\/altagracia paulino 2.jpg\" \/>  <\/p>\n<p><span class=\"text1noticias\">Santo Domingo.- Pro Consumidor no claudicar\u00e1 y por el contrario, desde que se venza el plazo de 120 d\u00edas que otorg\u00f3 a las entidades financieras y de servicios para que registren sus contratos de adhesi\u00f3n, someter\u00e1 a la Justicia a todo aquel que incumpla la Resoluci\u00f3n y la Ley 358-05 de protecci\u00f3n a los consumidores y usuarios.<\/span><\/p>\n<p><span class=\"text1noticias\"> <\/span><\/p>\n<p><span class=\"text1noticias\">La afirmaci\u00f3n es de la licenciada Altagracia Paulino, directora ejecutiva del Instituto Nacional de Protecci\u00f3n de los Derechos de los Consumidores, quien dijo que en modo alguno claudicar\u00e1, porque ser\u00eda violentar sus principios, la Ley y la Constituci\u00f3n de la Rep\u00fablica.<\/span><\/p>\n<p><span class=\"text1noticias\"> <\/span><\/p>\n<p><span class=\"text1noticias\">Dijo que no ceder\u00e1 ante las pretensiones de la Superintendencia de Bancos en el sentido de que las entidades no tienen que registrar los contratos de adhesi\u00f3n en Pro Consumidor, lo ser\u00eda  una pr\u00e1ctica violatoria a la resoluci\u00f3n 05-2010 que as\u00ed lo dispone, as\u00ed como al art\u00edculo 81 de la Ley 358-05 de Protecci\u00f3n al Consumidor.<\/span><\/p>\n<p><span class=\"text1noticias\"> <\/span><\/p>\n<p><span class=\"text1noticias\">La licenciada Paulino record\u00f3 que la pr\u00f3rroga que otorg\u00f3 para el registro de los contratos de adhesi\u00f3n en Pro Consumidor se inici\u00f3 desde el pasado 22 de septiembre.<\/span><\/p>\n<p><span class=\"text1noticias\"> <\/span><\/p>\n<p><span class=\"text1noticias\">Dijo que el objetivo es evitar sanciones a los proveedores que a la fecha no hayan registrados sus contratos.<\/span><\/p>\n<p><span class=\"text1noticias\"> <\/span><\/p>\n<p><span class=\"text1noticias\">Vencido el plazo, dijo, Pro consumidor inform\u00f3 que de conformidad con la ley iniciar\u00e1 un proceso de acciones sancionadoras a los proveedores de bienes y servicios que se resistan en registrar los contratos.<\/span><\/p>\n<p><span class=\"text1noticias\"> <\/span><\/p>\n<p><span class=\"text1noticias\">La pr\u00f3rroga est\u00e1 contenida en la resoluci\u00f3n 05-2010 emitida por el Consejo Directivo de Pro Consumidor, integrado por la  doctora Anina del Castillo, presidente en funciones en representaci\u00f3n del Ministerio de Industria y Comercio; el doctor Jos\u00e9 Schouerer, la doctora Ana Isabel Acosta, la licenciada Milagros Puello, el coronel Julio Cesar Rodr\u00edguez Burgos, el licenciado Rafael Peguero, Salvador Polanco y la licenciada Altagracia Paulino, miembros.<\/span><\/p>\n<p><span class=\"text1noticias\"> <\/span><\/p>\n<p><span class=\"text1noticias\">Los consumidores y usuarios deben exigir a los proveedores que los contratos de adhesi\u00f3n, al momento de ser firmados, sean registrados en Pro Consumidor, para que haya garant\u00eda de transparencia en las negociaciones.<\/span><\/p>\n<\/p>\n<p><span class=\"text1noticias\">De acuerdo al art\u00edculo 81 de la Ley 358-05 de la Ley General de Protecci\u00f3n de los Derechos del Consumidor, ?se entiende por contrato de adhesi\u00f3n el redactado previa y unilateralmente por un proveedor de bienes o servicios, sin que el consumidor o usuario se encuentre en condiciones de variar sustancialmente sus t\u00e9rminos ni evitar su suscripci\u00f3n si deseare adquirir el producto u obtener el servicio?.<\/span><\/p>\n<p><span class=\"text1noticias\"> <\/span><\/p>\n<p><span class=\"text1noticias\">En ese mismo art\u00edculo, en su p\u00e1rrafo I se plantea que ?deber\u00e1n ser remitidos a la Direcci\u00f3n Ejecutiva de Pro Consumidor, la que crear\u00e1 un sistema de registro para tales fines, sin perjuicio del registro que deber\u00e1n llevar a cabo ciertos proveedores ante las autoridades administrativas correspondientes en virtud de leyes especiales. Esa disposici\u00f3n se aplica a todo tipo de contrato incluyendo los de materia financiera?.<\/span><\/p>\n<\/p>\n<p><span class=\"text1noticias\">?En todo momento los consumidores o usuarios, por s\u00ed o a trav\u00e9s de las asociaciones de consumidores podr\u00e1n solicitar que se haga efectiva la revisi\u00f3n de los contratos de adhesi\u00f3n o en formularios que sean posteriores al inicio de las operaciones de Pro Consumidor, en especial en todo lo relativo a las cl\u00e1usulas que limiten o aten\u00faen responsabilidades?, indica la Ley 358-05 que garantiza la Protecci\u00f3n de los Derechos de los Consumidores en su p\u00e1rrafo lll.<\/span><\/p>\n<\/p>\n<p><span class=\"text1noticias\">En cuanto a los contratos de adhesi\u00f3n plante\u00f3 a los consumidores que ?no firmen sin verificarlo porque al estipular podr\u00edan estar autorizando una sentencia que pone en juego todo su patrimonio y que en ocasiones incluyen hasta los nietos de los garantes?.<\/span><\/p>\n<p><span class=\"text1noticias\"> Los contratos de agua, luz, tarjeta de cr\u00e9dito, pr\u00e9stamos para viviendas y veh\u00edculos, de servicio telef\u00f3nico, cable, agua, basuras, entre otros, al ser firmados por los usuarios deben revisarse ya que su estipulaci\u00f3n involucra en t\u00e9rminos de sus efectos jur\u00eddicos hasta la tercera generaci\u00f3n de un garante.<\/span><\/p>\n<\/p>\n<p><span class=\"text1noticias\">Los contratos de adhesi\u00f3n tienen cl\u00e1usulas abusivas y para eliminarlas deben ser revisados por Pro Consumidor, precis\u00f3 la licenciada Altagracia Paulino.<\/span><\/p>\n<\/p>\n<h6> 2010-10-27 20:05:00 <\/h6>\n<p><!--\n<link rel=\"stylesheet\" href=\"css\/bootstrap.min.css\">\n\n\n<ul class=\"pagination\">\n\t    \n\t\n\n<li >\n\t<a href='?page_no=30795'>Previous<\/a>\n\t<\/li>\n\n\n       \n    \n\n<li><a href='?page_no=1'>1<\/a><\/li>\n\n\n\n<li><a href='?page_no=2'>2<\/a><\/li>\n\n\n\n<li><a>...<\/a><\/li>\n\n\n\n<li><a href='?page_no=30794'>30794<\/a><\/li>\n\n\n\n<li><a href='?page_no=30795'>30795<\/a><\/li>\n\n\n\n<li class='active'><a>30796<\/a><\/li>\n\n\n\n<li><a href='?page_no=30797'>30797<\/a><\/li>\n\n\n\n<li><a href='?page_no=30798'>30798<\/a><\/li>\n\n\n\n<li><a>...<\/a><\/li>\n\n\n\n<li><a href='?page_no=31963'>31963<\/a><\/li>\n\n\n\n<li><a href='?page_no=31964'>31964<\/a><\/li>\n\n    \n\t\n\n<li >\n\t<a href='?page_no=30797'>Next<\/a>\n\t<\/li>\n\n\n    \n\n<li><a href='?page_no=31964'>Last &rsaquo;&rsaquo;<\/a><\/li>\n\n<\/ul>\n\n\n--><br \/>\n<\/body><\/p>\n","protected":false},"excerpt":{"rendered":"<p>Santo Domingo.- Pro Consumidor no claudicar\u00e1 y por el contrario, desde que se venza el plazo de 120 d\u00edas que otorg\u00f3 a las entidades financieras y de servicios para que registren sus contratos de adhesi\u00f3n, someter\u00e1 a la Justicia a todo aquel que incumpla la Resoluci\u00f3n y la Ley 358-05 de protecci\u00f3n a los consumidores [&hellip;]<\/p>\n","protected":false},"author":3,"featured_media":0,"comment_status":"open","ping_status":"open","sticky":false,"template":"","format":"standard","meta":{"footnotes":""},"categories":[24],"tags":[],"class_list":["post-155628","post","type-post","status-publish","format-standard","hentry","category-justicia-y-derecho"],"_links":{"self":[{"href":"https:\/\/diariodominicano.com\/index.php?rest_route=\/wp\/v2\/posts\/155628","targetHints":{"allow":["GET"]}}],"collection":[{"href":"https:\/\/diariodominicano.com\/index.php?rest_route=\/wp\/v2\/posts"}],"about":[{"href":"https:\/\/diariodominicano.com\/index.php?rest_route=\/wp\/v2\/types\/post"}],"author":[{"embeddable":true,"href":"https:\/\/diariodominicano.com\/index.php?rest_route=\/wp\/v2\/users\/3"}],"replies":[{"embeddable":true,"href":"https:\/\/diariodominicano.com\/index.php?rest_route=%2Fwp%2Fv2%2Fcomments&post=155628"}],"version-history":[{"count":0,"href":"https:\/\/diariodominicano.com\/index.php?rest_route=\/wp\/v2\/posts\/155628\/revisions"}],"wp:attachment":[{"href":"https:\/\/diariodominicano.com\/index.php?rest_route=%2Fwp%2Fv2%2Fmedia&parent=155628"}],"wp:term":[{"taxonomy":"category","embeddable":true,"href":"https:\/\/diariodominicano.com\/index.php?rest_route=%2Fwp%2Fv2%2Fcategories&post=155628"},{"taxonomy":"post_tag","embeddable":true,"href":"https:\/\/diariodominicano.com\/index.php?rest_route=%2Fwp%2Fv2%2Ftags&post=155628"}],"curies":[{"name":"wp","href":"https:\/\/api.w.org\/{rel}","templated":true}]}}