{"id":155627,"date":"2010-10-27T20:55:08","date_gmt":"2010-10-27T20:55:08","guid":{"rendered":"http:\/\/diariodominicano.ddns.net\/?p=155627"},"modified":"2010-10-27T20:55:08","modified_gmt":"2010-10-27T20:55:08","slug":"procurador-rd-suscribe-acuerdo-con-su-homologo-de-mexico-para-el-combate-de-la-criminalidad-organizada-y-el-narcotrafico","status":"publish","type":"post","link":"https:\/\/diariodominicano.com\/?p=155627","title":{"rendered":"&#13;Procurador RD suscribe acuerdo con su hom\u00f3logo de M\u00e9xico para el combate de la criminalidad organizada y el narcotr\u00e1fico"},"content":{"rendered":"<p><body><\/p>\n<p><img decoding=\"async\" src=\"http:\/\/localhost:8080\/justiciayderecho\/img3\/estaa.JPG\" \/><br \/><img decoding=\"async\" src=\"http:\/\/localhost:8080\/justiciayderecho\/img3\/DSC07937.JPG\" \/><br \/><img decoding=\"async\" src=\"img3\/esta.JPG\" \/>  <\/p>\n<p><span class=\"text1noticias\"> <\/span><\/p>\n<p><span class=\"text1noticias\">El procurador general de la Rep\u00fablica, doctor Radham\u00e9s Jim\u00e9nez Pe\u00f1a, suscribi\u00f3 un acuerdo con el procurador general de la Rep\u00fablica de los Estados Unidos Mexicanos, licenciado Arturo Ch\u00e1vez Ch\u00e1vez, para el combate de las diferentes modalidades de la criminalidad organizada y el narcotr\u00e1fico a trav\u00e9s del intercambio de informaci\u00f3n y experiencias que permitan fortalecer la procuraci\u00f3n de justicia en esos casos.<\/span><\/p>\n<p><span class=\"text1noticias\"> <\/span><\/p>\n<p><span class=\"text1noticias\">El acuerdo fue firmado dentro de la celebraci\u00f3n en la Ciudad de M\u00e9xico de la XVII Conferencia de Ministros de Justicia de los Pa\u00edses Iberoamericanos.<\/span><\/p>\n<p><span class=\"text1noticias\"> <\/span><\/p>\n<p><span class=\"text1noticias\">El procurador general de M\u00e9xico, licenciado Arturo Ch\u00e1vez Ch\u00e1vez, al concluir la firma del acuerdo de cooperaci\u00f3n jur\u00eddica internacional con el procurador general de la Rep\u00fablica Dominicana manifest\u00f3 su complacencia y satisfacci\u00f3n y reconoci\u00f3 los grandes avances que ha experimentado el Ministerio P\u00fablico dominicano en el desarrollo de una pol\u00edtica de persecuci\u00f3n penal estrat\u00e9gica, focalizada e inteligente que ha tenido como resultado la soluci\u00f3n satisfactoria de grandes casos de criminalidad compleja y organizada.<\/span><\/p>\n<p><span class=\"text1noticias\"> <\/span><\/p>\n<p><span class=\"text1noticias\">Dijo que ?el Ministerio P\u00fablico de Rep\u00fablica Dominicana se ha convertido en un arquetipo y un paradigma y el ejemplo a seguir para los ministerios p\u00fablicos iberoamericanos?, se\u00f1alando que el acuerdo que acababa de rubricar con su hom\u00f3logo le iba a dar la posibilidad de que fiscales mexicanos participaran en los cursos de preparaci\u00f3n y capacitaci\u00f3n impartidos por la Escuela del Ministerio P\u00fablico dominicano, la cual est\u00e1 acreditada como el principal centro de capacitaci\u00f3n de fiscales en Iberoam\u00e9rica.<\/span><\/p>\n<p><span class=\"text1noticias\"> <\/span><\/p>\n<p><span class=\"text1noticias\">Por su parte, el Dr. Radham\u00e9s Jim\u00e9nez Pe\u00f1a agradeci\u00f3 la hospitalidad ofrecida por su hom\u00f3logo y destac\u00f3 la importancia que reviste para ambas instituciones y pa\u00edses la firma de este convenio en t\u00e9rminos de la lucha en contra de la criminalidad organizada en todas sus manifestaciones y m\u00e1s espec\u00edficamente en contra del narcotr\u00e1fico, el cual seg\u00fan Jim\u00e9nez Pe\u00f1a se ha constituido en el centro del universo criminal.<\/span><\/p>\n<p><span class=\"text1noticias\"> <\/span><\/p>\n<p><span class=\"text1noticias\">En la actividad que sirvi\u00f3 de marco para la realizaci\u00f3n del acuerdo, que se desarrollo en el Distrito Federal, M\u00e9xico, el procurador general de la Rep\u00fablica estuvo acompa\u00f1ado del director de la Escuela Nacional del Ministerio Publico, licenciado Ram\u00f3n N\u00fa\u00f1ez.<\/span><\/p>\n<p><span class=\"text1noticias\"> <\/span><\/p>\n<p><span class=\"text1noticias\">Los Ministros de Justicia all\u00ed reunidos aprobaron importantes instrumentos para el buen desarrollo de la cooperaci\u00f3n judicial en la regi\u00f3n y el mejoramiento de los sistemas de justicia.<\/span><\/p>\n<\/p>\n<p><span class=\"text1noticias\">A unanimidad, ratificaron como Secretario General de la Conferencia de Ministros de Justicia de los Pa\u00edses Iberoamericanos (COMJIB) al prestante jurista y catedr\u00e1tico espa\u00f1ol don V\u00edctor Moreno Catena.<\/span><\/p>\n<\/p>\n<p><span class=\"text1noticias\">La Conferencia de Ministros de Justicia aprob\u00f3 el texto del Convenio Iberoamericano sobre el Uso de la Videoconferencia en la Cooperaci\u00f3n Jur\u00eddica entre Sistemas de Justicia y su Protocolo, el cual ser\u00e1 elevado para su firma y ratificaci\u00f3n a la Cumbre Iberoamericana de Jefes de Estado y de Gobierno a celebrarse en Mar del Plata en diciembre pr\u00f3ximo.<\/span><\/p>\n<\/p>\n<p><span class=\"text1noticias\"> De igual modo, se aprob\u00f3 la puesta en marcha del Programa Iberoamericano de Acceso a la Justicia con la adhesi\u00f3n de Brasil, Chile, Espa\u00f1a, Ecuador, M\u00e9xico, Nicaragua, Paraguay, Per\u00fa y Rep\u00fablica Dominicana y se emitieron diversas recomendaciones en materia de lucha contra el crimen organizado, promoci\u00f3n de los derechos humanos de los grupos vulnerables y modernizaci\u00f3n de los procesos.<\/span><\/p>\n<\/p>\n<p><span class=\"text1noticias\">El Secretario General de la Conferencia elogi\u00f3 en nombre de los Ministros de Justicia de Iberoam\u00e9rica los avances obtenidos por el doctor Jim\u00e9nez Pe\u00f1a en la instauraci\u00f3n de un nuevo modelo penitenciario y en el fortalecimiento de la carrera del Ministerio P\u00fablico.<\/span><\/p>\n<p><span class=\"text1noticias\"> <\/span><\/p>\n<h6> 2010-10-27 20:55:08 <\/h6>\n<p><!--\n<link rel=\"stylesheet\" href=\"css\/bootstrap.min.css\">\n\n\n<ul class=\"pagination\">\n\t    \n\t\n\n<li >\n\t<a href='?page_no=30794'>Previous<\/a>\n\t<\/li>\n\n\n       \n    \n\n<li><a href='?page_no=1'>1<\/a><\/li>\n\n\n\n<li><a href='?page_no=2'>2<\/a><\/li>\n\n\n\n<li><a>...<\/a><\/li>\n\n\n\n<li><a href='?page_no=30793'>30793<\/a><\/li>\n\n\n\n<li><a href='?page_no=30794'>30794<\/a><\/li>\n\n\n\n<li class='active'><a>30795<\/a><\/li>\n\n\n\n<li><a href='?page_no=30796'>30796<\/a><\/li>\n\n\n\n<li><a href='?page_no=30797'>30797<\/a><\/li>\n\n\n\n<li><a>...<\/a><\/li>\n\n\n\n<li><a href='?page_no=31963'>31963<\/a><\/li>\n\n\n\n<li><a href='?page_no=31964'>31964<\/a><\/li>\n\n    \n\t\n\n<li >\n\t<a href='?page_no=30796'>Next<\/a>\n\t<\/li>\n\n\n    \n\n<li><a href='?page_no=31964'>Last &rsaquo;&rsaquo;<\/a><\/li>\n\n<\/ul>\n\n\n--><br \/>\n<\/body><\/p>\n","protected":false},"excerpt":{"rendered":"<p>El procurador general de la Rep\u00fablica, doctor Radham\u00e9s Jim\u00e9nez Pe\u00f1a, suscribi\u00f3 un acuerdo con el procurador general de la Rep\u00fablica de los Estados Unidos Mexicanos, licenciado Arturo Ch\u00e1vez Ch\u00e1vez, para el combate de las diferentes modalidades de la criminalidad organizada y el narcotr\u00e1fico a trav\u00e9s del intercambio de informaci\u00f3n y experiencias que permitan fortalecer la [&hellip;]<\/p>\n","protected":false},"author":3,"featured_media":0,"comment_status":"open","ping_status":"open","sticky":false,"template":"","format":"standard","meta":{"footnotes":""},"categories":[24],"tags":[],"class_list":["post-155627","post","type-post","status-publish","format-standard","hentry","category-justicia-y-derecho"],"_links":{"self":[{"href":"https:\/\/diariodominicano.com\/index.php?rest_route=\/wp\/v2\/posts\/155627","targetHints":{"allow":["GET"]}}],"collection":[{"href":"https:\/\/diariodominicano.com\/index.php?rest_route=\/wp\/v2\/posts"}],"about":[{"href":"https:\/\/diariodominicano.com\/index.php?rest_route=\/wp\/v2\/types\/post"}],"author":[{"embeddable":true,"href":"https:\/\/diariodominicano.com\/index.php?rest_route=\/wp\/v2\/users\/3"}],"replies":[{"embeddable":true,"href":"https:\/\/diariodominicano.com\/index.php?rest_route=%2Fwp%2Fv2%2Fcomments&post=155627"}],"version-history":[{"count":0,"href":"https:\/\/diariodominicano.com\/index.php?rest_route=\/wp\/v2\/posts\/155627\/revisions"}],"wp:attachment":[{"href":"https:\/\/diariodominicano.com\/index.php?rest_route=%2Fwp%2Fv2%2Fmedia&parent=155627"}],"wp:term":[{"taxonomy":"category","embeddable":true,"href":"https:\/\/diariodominicano.com\/index.php?rest_route=%2Fwp%2Fv2%2Fcategories&post=155627"},{"taxonomy":"post_tag","embeddable":true,"href":"https:\/\/diariodominicano.com\/index.php?rest_route=%2Fwp%2Fv2%2Ftags&post=155627"}],"curies":[{"name":"wp","href":"https:\/\/api.w.org\/{rel}","templated":true}]}}