{"id":155626,"date":"2010-10-27T21:11:33","date_gmt":"2010-10-27T21:11:33","guid":{"rendered":"http:\/\/diariodominicano.ddns.net\/?p=155626"},"modified":"2010-10-27T21:11:33","modified_gmt":"2010-10-27T21:11:33","slug":"jefe-de-estado-expresa-condolencias-por-fallecimiento-ex-presidente-de-argentina-nestor-kirchner","status":"publish","type":"post","link":"https:\/\/diariodominicano.com\/?p=155626","title":{"rendered":"Jefe de Estado expresa condolencias por fallecimiento ex presidente de Argentina N\u00e9stor Kirchner"},"content":{"rendered":"<p><body><\/p>\n<p><img decoding=\"async\" src=\"img3\/Fernandez.jpg\" \/>  <\/p>\n<\/p>\n<p><span class=\"text1noticias\">Santo Domingo,27 de Octubre del 2010.-El presidente de la Rep\u00fablica, doctor Leonel Fern\u00e1ndez, expres\u00f3 este mi\u00e9rcoles sus condolencias en nombre del pueblo dominicano y del gobierno por el fallecimiento del ex presidente de Argentina, N\u00e9stor Kirchner. <\/span><\/p>\n<p><span class=\"text1noticias\"> <\/span><\/p>\n<p><span class=\"text1noticias\">En una carta dirigida a la actual presidenta de Argentina, se\u00f1ora Cristina Fern\u00e1ndez de Kirchner, el Gobernante dominicano indica:  \u00abEn nombre del pueblo de la Rep\u00fablica Dominicana, y en el m\u00edo propio, le externo mis m\u00e1s sentidas condolencias por el fallecimiento de su honorable esposo, se\u00f1or N\u00e9stor Kirchner, ex presidente de la Rep\u00fablica de Argentina\u00bb.  <\/span><\/p>\n<p><span class=\"text1noticias\"> <\/span><\/p>\n<p><span class=\"text1noticias\">Agrega que Kirchner vivir\u00e1 por siempre en la historia de su natal Argentina, as\u00ed como en el devenir hist\u00f3rico de los pa\u00edses de Am\u00e9rica Latina y el Caribe, como un mandatario ejemplar, quien en momentos de la mayor crisis econ\u00f3mica de su pa\u00eds trabaj\u00f3 denodadamente para impulsar a su amada patria por caminos de progreso y desarrollo. <\/span><\/p>\n<p><span class=\"text1noticias\"> <\/span><\/p>\n<p><span class=\"text1noticias\">En ese sentido, el presidente Fern\u00e1ndez precisa en su misiva que como gran estadista contempor\u00e1neo, Kirchner asumi\u00f3 con loable sentido patri\u00f3tico la confianza depositada por su pueblo, luchando sin descanso tras elevar las condiciones de vida de sus conciudadanos, estabilizar la econom\u00eda nacional y garantizar los derechos humanos para las actuales y futuras generaciones de argentinos. <\/span><\/p>\n<p><span class=\"text1noticias\"> <\/span><\/p>\n<p><span class=\"text1noticias\">A\u00f1ade que en el marco de un mundo globalizado, matizado por constantes cambios, Kirchner se constituy\u00f3 en propulsor de la integraci\u00f3n econ\u00f3mica y social de los pa\u00edses de la regi\u00f3n, como forma sostenible en el tiempo para desarrollar a las naciones del \u00e1rea.<\/span><\/p>\n<p><span class=\"text1noticias\"> <\/span><\/p>\n<p><span class=\"text1noticias\">\u00abReconozco que en su fruct\u00edfera carrera pol\u00edtica, dirigi\u00f3 con gallard\u00eda el Partido Justicialista, hasta su lamentable deceso, de manera que externamos nuestro pesar a sus correligionarios, con la certeza de que podr\u00e1n encarar esta irremediable p\u00e9rdida con la dignidad del recuerdo de su m\u00e1ximo l\u00edder y el reconocimiento leg\u00edtimo de sus partidarios\u00bb, dice el texto remitido por el presidente Fern\u00e1ndez a su colega de Argentina, Cristina Fern\u00e1ndez de Kirchner.  <\/span><\/p>\n<h6> 2010-10-27 21:11:33 <\/h6>\n<p><!--\n<link rel=\"stylesheet\" href=\"css\/bootstrap.min.css\">\n\n\n<ul class=\"pagination\">\n\t    \n\t\n\n<li >\n\t<a href='?page_no=30793'>Previous<\/a>\n\t<\/li>\n\n\n       \n    \n\n<li><a href='?page_no=1'>1<\/a><\/li>\n\n\n\n<li><a href='?page_no=2'>2<\/a><\/li>\n\n\n\n<li><a>...<\/a><\/li>\n\n\n\n<li><a href='?page_no=30792'>30792<\/a><\/li>\n\n\n\n<li><a href='?page_no=30793'>30793<\/a><\/li>\n\n\n\n<li class='active'><a>30794<\/a><\/li>\n\n\n\n<li><a href='?page_no=30795'>30795<\/a><\/li>\n\n\n\n<li><a href='?page_no=30796'>30796<\/a><\/li>\n\n\n\n<li><a>...<\/a><\/li>\n\n\n\n<li><a href='?page_no=31963'>31963<\/a><\/li>\n\n\n\n<li><a href='?page_no=31964'>31964<\/a><\/li>\n\n    \n\t\n\n<li >\n\t<a href='?page_no=30795'>Next<\/a>\n\t<\/li>\n\n\n    \n\n<li><a href='?page_no=31964'>Last &rsaquo;&rsaquo;<\/a><\/li>\n\n<\/ul>\n\n\n--><br \/>\n<\/body><\/p>\n","protected":false},"excerpt":{"rendered":"<p>Santo Domingo,27 de Octubre del 2010.-El presidente de la Rep\u00fablica, doctor Leonel Fern\u00e1ndez, expres\u00f3 este mi\u00e9rcoles sus condolencias en nombre del pueblo dominicano y del gobierno por el fallecimiento del ex presidente de Argentina, N\u00e9stor Kirchner. En una carta dirigida a la actual presidenta de Argentina, se\u00f1ora Cristina Fern\u00e1ndez de Kirchner, el Gobernante dominicano indica: [&hellip;]<\/p>\n","protected":false},"author":3,"featured_media":0,"comment_status":"open","ping_status":"open","sticky":false,"template":"","format":"standard","meta":{"footnotes":""},"categories":[24],"tags":[],"class_list":["post-155626","post","type-post","status-publish","format-standard","hentry","category-justicia-y-derecho"],"_links":{"self":[{"href":"https:\/\/diariodominicano.com\/index.php?rest_route=\/wp\/v2\/posts\/155626","targetHints":{"allow":["GET"]}}],"collection":[{"href":"https:\/\/diariodominicano.com\/index.php?rest_route=\/wp\/v2\/posts"}],"about":[{"href":"https:\/\/diariodominicano.com\/index.php?rest_route=\/wp\/v2\/types\/post"}],"author":[{"embeddable":true,"href":"https:\/\/diariodominicano.com\/index.php?rest_route=\/wp\/v2\/users\/3"}],"replies":[{"embeddable":true,"href":"https:\/\/diariodominicano.com\/index.php?rest_route=%2Fwp%2Fv2%2Fcomments&post=155626"}],"version-history":[{"count":0,"href":"https:\/\/diariodominicano.com\/index.php?rest_route=\/wp\/v2\/posts\/155626\/revisions"}],"wp:attachment":[{"href":"https:\/\/diariodominicano.com\/index.php?rest_route=%2Fwp%2Fv2%2Fmedia&parent=155626"}],"wp:term":[{"taxonomy":"category","embeddable":true,"href":"https:\/\/diariodominicano.com\/index.php?rest_route=%2Fwp%2Fv2%2Fcategories&post=155626"},{"taxonomy":"post_tag","embeddable":true,"href":"https:\/\/diariodominicano.com\/index.php?rest_route=%2Fwp%2Fv2%2Ftags&post=155626"}],"curies":[{"name":"wp","href":"https:\/\/api.w.org\/{rel}","templated":true}]}}