{"id":155625,"date":"2010-10-27T21:23:21","date_gmt":"2010-10-27T21:23:21","guid":{"rendered":"http:\/\/diariodominicano.ddns.net\/?p=155625"},"modified":"2010-10-27T21:23:21","modified_gmt":"2010-10-27T21:23:21","slug":"presidente-fernandez-aborda-temas-regionales-con-su-homologo-de-guatemala-alvaro-colom","status":"publish","type":"post","link":"https:\/\/diariodominicano.com\/?p=155625","title":{"rendered":"&#13;Presidente Fern\u00e1ndez aborda temas regionales con su hom\u00f3logo de Guatemala \u00c1lvaro Colom"},"content":{"rendered":"<p><body><\/p>\n<p><img decoding=\"async\" src=\"img3\/leonel2.jpg\" \/><br \/><img decoding=\"async\" src=\"img3\/leonel.jpg\" \/>  <\/p>\n<\/p>\n<p><span class=\"text1noticias\"> Santo Domingo,27 de Octubre del 2010.-El presidente Leonel Fern\u00e1ndez recibi\u00f3 este mi\u00e9rcoles a su hom\u00f3logo de Guatemala, \u00c1lvaro Colom, con quien trat\u00f3 diversos temas de inter\u00e9s, entre ellos, seguridad regional, cambio clim\u00e1tico y la situaci\u00f3n que afecta a Hait\u00ed con el c\u00f3lera. Colom, reconoci\u00f3 que el mandatario dominicano ha hecho un gran esfuerzo para apoyar a esta naci\u00f3n.<\/span><\/p>\n<p><span class=\"text1noticias\"> <\/span><\/p>\n<p><span class=\"text1noticias\">\u00abY creo que la convocatoria del presidente Fern\u00e1ndez ha sido permanente en apoyo a Hait\u00ed\u00bb, sostuvo el presidente guatemalteco al hablar con los periodistas tras el encuentro con su colega Fern\u00e1ndez, en el Palacio Nacional.<\/span><\/p>\n<p><span class=\"text1noticias\"> <\/span><\/p>\n<p><span class=\"text1noticias\">El gobernante centroamericano dijo que las relaciones comerciales entre su pa\u00eds y Rep\u00fablica Dominicana son muy buenas y no descart\u00f3 que pudieran ser ampliadas.<\/span><\/p>\n<p><span class=\"text1noticias\"> <\/span><\/p>\n<p><span class=\"text1noticias\">Sin embargo, reconoci\u00f3 que Guatemala tiene pocos productos que ofrecer, frente a Rep\u00fablica Dominicana, \u00aba la verdad que no competimos, son muy pocos productos que pudieran competir y tenemos estructuras econ\u00f3micas distintas, lo que no nos permite complementar\u00bb.<\/span><\/p>\n<p><span class=\"text1noticias\"> <\/span><\/p>\n<p><span class=\"text1noticias\">El presidente Colom resalt\u00f3 la belleza de las playas dominicanas sobre las cuales asegur\u00f3 ?ustedes tienen unas bellezas de playas, nosotros tambi\u00e9n tenemos bonitas playas, pero ustedes exageran?.<\/span><\/p>\n<p><span class=\"text1noticias\">Con relaci\u00f3n a Hait\u00ed consider\u00f3 que todos los pa\u00edses est\u00e1n obligados a solidarizarse con esa naci\u00f3n, debido a que los haitianos est\u00e1n muy golpeados y tienen muchos meses sufriendo. <\/span><\/p>\n<p><span class=\"text1noticias\"> <\/span><\/p>\n<p><span class=\"text1noticias\">Observ\u00f3 que esa naci\u00f3n tiene un problema muy serio que se le ha complicado con el c\u00f3lera ?tanto hacinamiento de las personas que fueron desplazadas por el terremoto del 12 de enero de este a\u00f1o, que puede provocar cualquier tipo de epidemia?.<\/span><\/p>\n<p><span class=\"text1noticias\"> <\/span><\/p>\n<p><span class=\"text1noticias\">Colom indic\u00f3 que en su encuentro con el presidente Fern\u00e1ndez, no trataron el tema del Tratado de Libre Comercio de Centroam\u00e9rica y El Caribe, no obstante, asegur\u00f3 que habr\u00e1 una soluci\u00f3n en torno a las diferencias que existen entre la Rep\u00fablica Dominicana y algunos pa\u00edses Centroam\u00e9ricanos por cuestiones de aranceles.<\/span><\/p>\n<h6> 2010-10-27 21:23:21 <\/h6>\n<p><!--\n<link rel=\"stylesheet\" href=\"css\/bootstrap.min.css\">\n\n\n<ul class=\"pagination\">\n\t    \n\t\n\n<li >\n\t<a href='?page_no=30792'>Previous<\/a>\n\t<\/li>\n\n\n       \n    \n\n<li><a href='?page_no=1'>1<\/a><\/li>\n\n\n\n<li><a href='?page_no=2'>2<\/a><\/li>\n\n\n\n<li><a>...<\/a><\/li>\n\n\n\n<li><a href='?page_no=30791'>30791<\/a><\/li>\n\n\n\n<li><a href='?page_no=30792'>30792<\/a><\/li>\n\n\n\n<li class='active'><a>30793<\/a><\/li>\n\n\n\n<li><a href='?page_no=30794'>30794<\/a><\/li>\n\n\n\n<li><a href='?page_no=30795'>30795<\/a><\/li>\n\n\n\n<li><a>...<\/a><\/li>\n\n\n\n<li><a href='?page_no=31963'>31963<\/a><\/li>\n\n\n\n<li><a href='?page_no=31964'>31964<\/a><\/li>\n\n    \n\t\n\n<li >\n\t<a href='?page_no=30794'>Next<\/a>\n\t<\/li>\n\n\n    \n\n<li><a href='?page_no=31964'>Last &rsaquo;&rsaquo;<\/a><\/li>\n\n<\/ul>\n\n\n--><br \/>\n<\/body><\/p>\n","protected":false},"excerpt":{"rendered":"<p>Santo Domingo,27 de Octubre del 2010.-El presidente Leonel Fern\u00e1ndez recibi\u00f3 este mi\u00e9rcoles a su hom\u00f3logo de Guatemala, \u00c1lvaro Colom, con quien trat\u00f3 diversos temas de inter\u00e9s, entre ellos, seguridad regional, cambio clim\u00e1tico y la situaci\u00f3n que afecta a Hait\u00ed con el c\u00f3lera. Colom, reconoci\u00f3 que el mandatario dominicano ha hecho un gran esfuerzo para apoyar [&hellip;]<\/p>\n","protected":false},"author":3,"featured_media":0,"comment_status":"open","ping_status":"open","sticky":false,"template":"","format":"standard","meta":{"footnotes":""},"categories":[24],"tags":[],"class_list":["post-155625","post","type-post","status-publish","format-standard","hentry","category-justicia-y-derecho"],"_links":{"self":[{"href":"https:\/\/diariodominicano.com\/index.php?rest_route=\/wp\/v2\/posts\/155625","targetHints":{"allow":["GET"]}}],"collection":[{"href":"https:\/\/diariodominicano.com\/index.php?rest_route=\/wp\/v2\/posts"}],"about":[{"href":"https:\/\/diariodominicano.com\/index.php?rest_route=\/wp\/v2\/types\/post"}],"author":[{"embeddable":true,"href":"https:\/\/diariodominicano.com\/index.php?rest_route=\/wp\/v2\/users\/3"}],"replies":[{"embeddable":true,"href":"https:\/\/diariodominicano.com\/index.php?rest_route=%2Fwp%2Fv2%2Fcomments&post=155625"}],"version-history":[{"count":0,"href":"https:\/\/diariodominicano.com\/index.php?rest_route=\/wp\/v2\/posts\/155625\/revisions"}],"wp:attachment":[{"href":"https:\/\/diariodominicano.com\/index.php?rest_route=%2Fwp%2Fv2%2Fmedia&parent=155625"}],"wp:term":[{"taxonomy":"category","embeddable":true,"href":"https:\/\/diariodominicano.com\/index.php?rest_route=%2Fwp%2Fv2%2Fcategories&post=155625"},{"taxonomy":"post_tag","embeddable":true,"href":"https:\/\/diariodominicano.com\/index.php?rest_route=%2Fwp%2Fv2%2Ftags&post=155625"}],"curies":[{"name":"wp","href":"https:\/\/api.w.org\/{rel}","templated":true}]}}