{"id":155623,"date":"2010-10-27T21:31:40","date_gmt":"2010-10-27T21:31:40","guid":{"rendered":"http:\/\/diariodominicano.ddns.net\/?p=155623"},"modified":"2010-10-27T21:31:40","modified_gmt":"2010-10-27T21:31:40","slug":"salud-publica-inspecciona-polos-turisticos-en-prevencion-colera","status":"publish","type":"post","link":"https:\/\/diariodominicano.com\/?p=155623","title":{"rendered":"Salud P\u00fablica inspecciona polos tur\u00edsticos  en prevenci\u00f3n c\u00f3lera"},"content":{"rendered":"<p><body><\/p>\n<p><img decoding=\"async\" src=\"http:\/\/localhost:8080\/justiciayderecho\/img3\/bauta y senen caba.jpg\" \/>  <\/p>\n<\/p>\n<\/p>\n<p><span class=\"text1noticias\">Santo Domingo.-El ministro de Salud P\u00fablica realiz\u00f3 una visita de supervisi\u00f3n de la estrategia de vigilancia de prevenci\u00f3n del c\u00f3lera montado en la regi\u00f3n Este del pa\u00eds.<\/span><\/p>\n<\/p>\n<p><span class=\"text1noticias\">Bautista Rojas G\u00f3mez estuvo acompa\u00f1ado de la representante en el pa\u00eds de la Oficina Panamericana de la Salud, Liliam Renau y el presidente del Colegio M\u00e9dico Dominicano, Sen\u00e9n Caba.<\/span><\/p>\n<\/p>\n<p><span class=\"text1noticias\"> Tambi\u00e9n del viceministro Jos\u00e9 Rodr\u00edguez Aybar y los directores de Salud Ambiental; Epidemiolog\u00eda, de Desarrollo de provinciales de Salud, Lu\u00eds Emilio Feliz Roa, Raquel Pimentel y Nelson Moscat, respectivamente.<\/span><\/p>\n<\/p>\n<p><span class=\"text1noticias\">Asegur\u00f3 que la vigilancia y respuesta r\u00e1pida sanitaria est\u00e1 montada en la zona de los polos tur\u00edsticos de la zona Este y Norte ante la eventualidad de la epidemia de c\u00f3lera que afecta a Hait\u00ed.<\/span><\/p>\n<\/p>\n<p><span class=\"text1noticias\">Dijo que en los polos tur\u00edsticos de Punta Cana y B\u00e1varo, en las provincias La Altagracia y Puerto Plata se observ\u00f3 una gran coordinaci\u00f3n interinstitucional respecto a la vigilancia epidemiol\u00f3gica.<\/span><\/p>\n<\/p>\n<p><span class=\"text1noticias\">Obispo de La Altagracia<\/span><\/p>\n<\/p>\n<p><span class=\"text1noticias\">De su lado el obispo de la Di\u00f3cesis de La Altagracia, monse\u00f1or Gregorio Nicanor Pe\u00f1a, afirm\u00f3 que por lo que ha observado, las autoridades tienen todo listo para afrontar con \u00e9xito una eventual penetraci\u00f3n de la enfermedad en la Rep\u00fablica Dominicana.<\/span><\/p>\n<\/p>\n<p><span class=\"text1noticias\">Dijo que el ministro de Salud P\u00fablica y el presidente del Colegio M\u00e9dico Dominicano est\u00e1n dando un ejemplo de que los intereses de la naci\u00f3n deben estar por encima de los particulares y sectoriales.<\/span><\/p>\n<h6> 2010-10-27 21:31:40 <\/h6>\n<p><!--\n<link rel=\"stylesheet\" href=\"css\/bootstrap.min.css\">\n\n\n<ul class=\"pagination\">\n\t    \n\t\n\n<li >\n\t<a href='?page_no=30790'>Previous<\/a>\n\t<\/li>\n\n\n       \n    \n\n<li><a href='?page_no=1'>1<\/a><\/li>\n\n\n\n<li><a href='?page_no=2'>2<\/a><\/li>\n\n\n\n<li><a>...<\/a><\/li>\n\n\n\n<li><a href='?page_no=30789'>30789<\/a><\/li>\n\n\n\n<li><a href='?page_no=30790'>30790<\/a><\/li>\n\n\n\n<li class='active'><a>30791<\/a><\/li>\n\n\n\n<li><a href='?page_no=30792'>30792<\/a><\/li>\n\n\n\n<li><a href='?page_no=30793'>30793<\/a><\/li>\n\n\n\n<li><a>...<\/a><\/li>\n\n\n\n<li><a href='?page_no=31963'>31963<\/a><\/li>\n\n\n\n<li><a href='?page_no=31964'>31964<\/a><\/li>\n\n    \n\t\n\n<li >\n\t<a href='?page_no=30792'>Next<\/a>\n\t<\/li>\n\n\n    \n\n<li><a href='?page_no=31964'>Last &rsaquo;&rsaquo;<\/a><\/li>\n\n<\/ul>\n\n\n--><br \/>\n<\/body><\/p>\n","protected":false},"excerpt":{"rendered":"<p>Santo Domingo.-El ministro de Salud P\u00fablica realiz\u00f3 una visita de supervisi\u00f3n de la estrategia de vigilancia de prevenci\u00f3n del c\u00f3lera montado en la regi\u00f3n Este del pa\u00eds. Bautista Rojas G\u00f3mez estuvo acompa\u00f1ado de la representante en el pa\u00eds de la Oficina Panamericana de la Salud, Liliam Renau y el presidente del Colegio M\u00e9dico Dominicano, Sen\u00e9n [&hellip;]<\/p>\n","protected":false},"author":3,"featured_media":0,"comment_status":"open","ping_status":"open","sticky":false,"template":"","format":"standard","meta":{"footnotes":""},"categories":[24],"tags":[],"class_list":["post-155623","post","type-post","status-publish","format-standard","hentry","category-justicia-y-derecho"],"_links":{"self":[{"href":"https:\/\/diariodominicano.com\/index.php?rest_route=\/wp\/v2\/posts\/155623","targetHints":{"allow":["GET"]}}],"collection":[{"href":"https:\/\/diariodominicano.com\/index.php?rest_route=\/wp\/v2\/posts"}],"about":[{"href":"https:\/\/diariodominicano.com\/index.php?rest_route=\/wp\/v2\/types\/post"}],"author":[{"embeddable":true,"href":"https:\/\/diariodominicano.com\/index.php?rest_route=\/wp\/v2\/users\/3"}],"replies":[{"embeddable":true,"href":"https:\/\/diariodominicano.com\/index.php?rest_route=%2Fwp%2Fv2%2Fcomments&post=155623"}],"version-history":[{"count":0,"href":"https:\/\/diariodominicano.com\/index.php?rest_route=\/wp\/v2\/posts\/155623\/revisions"}],"wp:attachment":[{"href":"https:\/\/diariodominicano.com\/index.php?rest_route=%2Fwp%2Fv2%2Fmedia&parent=155623"}],"wp:term":[{"taxonomy":"category","embeddable":true,"href":"https:\/\/diariodominicano.com\/index.php?rest_route=%2Fwp%2Fv2%2Fcategories&post=155623"},{"taxonomy":"post_tag","embeddable":true,"href":"https:\/\/diariodominicano.com\/index.php?rest_route=%2Fwp%2Fv2%2Ftags&post=155623"}],"curies":[{"name":"wp","href":"https:\/\/api.w.org\/{rel}","templated":true}]}}