{"id":155621,"date":"2010-10-27T22:31:01","date_gmt":"2010-10-27T22:31:01","guid":{"rendered":"http:\/\/diariodominicano.ddns.net\/?p=155621"},"modified":"2010-10-27T22:31:01","modified_gmt":"2010-10-27T22:31:01","slug":"nivel-de-criminalidad-ha-bajado-en-los-ultimos-tres-meses","status":"publish","type":"post","link":"https:\/\/diariodominicano.com\/?p=155621","title":{"rendered":"Nivel de criminalidad ha bajado en los \u00faltimos tres meses"},"content":{"rendered":"<p><body><\/p>\n<p><img decoding=\"async\" src=\"img3\/franklin.JPG\" \/>  <\/p>\n<p><strong><span class=\"text1noticias\">27 de Octubre del 2010.RD<\/span><\/strong><\/p>\n<p><span class=\"text1noticias\">El ministro de Interior y Polic\u00eda y el jefe de la Polic\u00eda Nacional, coincidieron en se\u00f1alar que los niveles de criminalidad en la Rep\u00fablica Dominicana se han reducido considerablemente en los \u00faltimos tres meses.<\/span><\/p>\n<p><span class=\"text1noticias\">El ministro de Interior y Polic\u00eda, Franklin Almeyda Rancier, observ\u00f3 que para contrarrestar ese mal social mantienen una mayor presencia de efectivos policiales en pueblos y barrios del pa\u00eds.<\/span><\/p>\n<\/p>\n<p><span class=\"text1noticias\">?Hay algo que les quiero precisar y es que la criminalidad se ha reducido de 24.7 a 23% y seguir\u00e1 bajando en la medida que se refuercen las labores de prevenci\u00f3n?, apunt\u00f3.<\/span><\/p>\n<\/p>\n<p><span class=\"text1noticias\">El funcionario puso como ejemplo a Santiago de los Caballeros, ciudad que en los \u00faltimos dos meses, ha visto reducir la tasa de criminalidad en un 15 por ciento con relaci\u00f3n a 100 mil habitantes.<\/span><\/p>\n<\/p>\n<p><span class=\"text1noticias\">Reconoci\u00f3, sin embargo, que tanto en la provincia Santo Domingo, como en el Distrito Nacional, los voceros de Barrio Seguro, han informado que se debe reforzar la presencia policial.<\/span><\/p>\n<\/p>\n<p><span class=\"text1noticias\">Agreg\u00f3 que con m\u00e1s efectividad, el llamado delito menor en el cuadrante principal de la ciudad de Santo Domingo, tambi\u00e9n tienen que avanzar el patrullaje en esos sectores.<\/span><\/p>\n<\/p>\n<p><span class=\"text1noticias\">En esos mismos t\u00e9rminos se expres\u00f3 el jefe de la Polic\u00eda, mayor general, Jos\u00e9 Armando Polanco, quien precis\u00f3 que no ceder\u00e1n un paso en la lucha en contra de la criminalidad.<\/span><\/p>\n<\/p>\n<p><span class=\"text1noticias\">El jefe de la uniformada, signific\u00f3 que est\u00e1n evaluando cada una de las zonas neur\u00e1lgicas en cuanto a ese flagelo se refiere, a los fines de reforzar la presencia militar.<\/span><\/p>\n<\/p>\n<p><span class=\"text1noticias\">?Estamos pasando revista al trabajo preventivo a nivel nacional y a la vez realizando los preparativos de lugar para seguir mejorando en cuanto garantizar la paz y tranquilidad ciudadana, y la vez reducir limites de acci\u00f3n de los delincuentes?, dijo el mayor general Polanco G\u00f3mez.<\/span><\/p>\n<\/p>\n<p><span class=\"text1noticias\">Resalt\u00f3, adem\u00e1s, que el gobierno ha brindado todo el apoyo para hacer una realidad el fortalecimiento de la Polic\u00eda Preventiva, y en consecuencia ofrecer un mejor servicio a la ciudadan\u00eda.<\/span><\/p>\n<\/p>\n<p><span class=\"text1noticias\">Ambas personalidades hablaron en el marco de una reuni\u00f3n auspiciada por el Ministerio de Interior y Polic\u00eda, conjuntamente con la Polic\u00eda Preventiva, que dirige el general Juan Brown P\u00e9rez, encuentro donde se evaluaron los resultados de las medidas preventivas implementadas por la Polic\u00eda Nacional y que incluye el aumento del patrullaje en ciudades y sectores de la Rep\u00fablica Dominicana.<\/span><\/p>\n<\/p>\n<p><span class=\"text1noticias\">A la actividad asistieron oficiales generales, superiores y subalternos de todo el pa\u00eds, encabezados por los Directores Regionales y Departamentales.<\/span><\/p>\n<h6> 2010-10-27 22:31:01 <\/h6>\n<p><!--\n<link rel=\"stylesheet\" href=\"css\/bootstrap.min.css\">\n\n\n<ul class=\"pagination\">\n\t    \n\t\n\n<li >\n\t<a href='?page_no=30788'>Previous<\/a>\n\t<\/li>\n\n\n       \n    \n\n<li><a href='?page_no=1'>1<\/a><\/li>\n\n\n\n<li><a href='?page_no=2'>2<\/a><\/li>\n\n\n\n<li><a>...<\/a><\/li>\n\n\n\n<li><a href='?page_no=30787'>30787<\/a><\/li>\n\n\n\n<li><a href='?page_no=30788'>30788<\/a><\/li>\n\n\n\n<li class='active'><a>30789<\/a><\/li>\n\n\n\n<li><a href='?page_no=30790'>30790<\/a><\/li>\n\n\n\n<li><a href='?page_no=30791'>30791<\/a><\/li>\n\n\n\n<li><a>...<\/a><\/li>\n\n\n\n<li><a href='?page_no=31963'>31963<\/a><\/li>\n\n\n\n<li><a href='?page_no=31964'>31964<\/a><\/li>\n\n    \n\t\n\n<li >\n\t<a href='?page_no=30790'>Next<\/a>\n\t<\/li>\n\n\n    \n\n<li><a href='?page_no=31964'>Last &rsaquo;&rsaquo;<\/a><\/li>\n\n<\/ul>\n\n\n--><br \/>\n<\/body><\/p>\n","protected":false},"excerpt":{"rendered":"<p>27 de Octubre del 2010.RD El ministro de Interior y Polic\u00eda y el jefe de la Polic\u00eda Nacional, coincidieron en se\u00f1alar que los niveles de criminalidad en la Rep\u00fablica Dominicana se han reducido considerablemente en los \u00faltimos tres meses. El ministro de Interior y Polic\u00eda, Franklin Almeyda Rancier, observ\u00f3 que para contrarrestar ese mal social [&hellip;]<\/p>\n","protected":false},"author":3,"featured_media":0,"comment_status":"open","ping_status":"open","sticky":false,"template":"","format":"standard","meta":{"footnotes":""},"categories":[24],"tags":[],"class_list":["post-155621","post","type-post","status-publish","format-standard","hentry","category-justicia-y-derecho"],"_links":{"self":[{"href":"https:\/\/diariodominicano.com\/index.php?rest_route=\/wp\/v2\/posts\/155621","targetHints":{"allow":["GET"]}}],"collection":[{"href":"https:\/\/diariodominicano.com\/index.php?rest_route=\/wp\/v2\/posts"}],"about":[{"href":"https:\/\/diariodominicano.com\/index.php?rest_route=\/wp\/v2\/types\/post"}],"author":[{"embeddable":true,"href":"https:\/\/diariodominicano.com\/index.php?rest_route=\/wp\/v2\/users\/3"}],"replies":[{"embeddable":true,"href":"https:\/\/diariodominicano.com\/index.php?rest_route=%2Fwp%2Fv2%2Fcomments&post=155621"}],"version-history":[{"count":0,"href":"https:\/\/diariodominicano.com\/index.php?rest_route=\/wp\/v2\/posts\/155621\/revisions"}],"wp:attachment":[{"href":"https:\/\/diariodominicano.com\/index.php?rest_route=%2Fwp%2Fv2%2Fmedia&parent=155621"}],"wp:term":[{"taxonomy":"category","embeddable":true,"href":"https:\/\/diariodominicano.com\/index.php?rest_route=%2Fwp%2Fv2%2Fcategories&post=155621"},{"taxonomy":"post_tag","embeddable":true,"href":"https:\/\/diariodominicano.com\/index.php?rest_route=%2Fwp%2Fv2%2Ftags&post=155621"}],"curies":[{"name":"wp","href":"https:\/\/api.w.org\/{rel}","templated":true}]}}