{"id":155620,"date":"2010-10-28T15:22:57","date_gmt":"2010-10-28T15:22:57","guid":{"rendered":"http:\/\/diariodominicano.ddns.net\/?p=155620"},"modified":"2010-10-28T15:22:57","modified_gmt":"2010-10-28T15:22:57","slug":"onamet-que-los-efectos-de-una-vaguada-originaran-aguaceros-en-el-territorio-nacional","status":"publish","type":"post","link":"https:\/\/diariodominicano.com\/?p=155620","title":{"rendered":"ONAMET\t que los efectos de una vaguada originar\u00e1n  aguaceros en el territorio nacional"},"content":{"rendered":"<p><body><\/p>\n<p><span class=\"text1noticias\">Santo Domingo, RD, 28 oct 2010.-  La Oficina Nacional de Meteorolog\u00eda (ONAMET) inform\u00f3 este mi\u00e9rcoles que los efectos de una vaguada ubicada sobre la isla  mezclados con nubosidad ser\u00e1n los responsables de los aguaceros que se produzcan  en el territorio nacional  y  estar\u00e1n acompa\u00f1ados de tronadas y aisladas r\u00e1fagas de vientos, principalmente sobre los poblados ubicados en las regiones Norte, Noreste, Sureste y la Cordillera Central.   <\/span><\/p>\n<\/p>\n<p><span class=\"text1noticias\">La ONAMET  dijo que las provincias donde se registrar\u00e1n las precipitaciones son principalmente  Montecristi, Puerto Plata, Santiago, Saman\u00e1, Mar\u00eda Trinidad S\u00e1nchez, Espaillat, Hermanas Mirabal, Duarte, Monte Plata, Hato Mayor, El Seibo, San Jos\u00e9 de Ocoa,  San Crist\u00f3bal La Vega, Monse\u00f1or Nouel, S\u00e1nchez Ram\u00edrez, Peravia y Azua.<\/span><\/p>\n<\/p>\n<p><span class=\"text1noticias\">Asimismo la ONAMET vigila tres zonas de aguaceros y tormentas el\u00e9ctricas, la primera localizada a unos 880  kil\u00f3metros al Noreste de las Antillas Menores, con un alto potencial de convertirse en cicl\u00f3n tropical, la segunda a 1680 kil\u00f3metros al Este\/Sureste de las Islas de Sotavento  (Antillas Menores); mientras que la tercera se ubica a 1920 kil\u00f3metros al Noreste de las islas de Cabo verde, y muestra bajas probabilidades para desarrollarse.   <\/span><\/p>\n<\/p>\n<p><span class=\"text1noticias\">En Santo Domingo y el Distrito Nacional habr\u00e1n aguaceros dispersos con tronadas. <\/span><\/p>\n<\/p>\n<\/p>\n<h6> 2010-10-28 15:22:57 <\/h6>\n<p><!--\n<link rel=\"stylesheet\" href=\"css\/bootstrap.min.css\">\n\n\n<ul class=\"pagination\">\n\t    \n\t\n\n<li >\n\t<a href='?page_no=30787'>Previous<\/a>\n\t<\/li>\n\n\n       \n    \n\n<li><a href='?page_no=1'>1<\/a><\/li>\n\n\n\n<li><a href='?page_no=2'>2<\/a><\/li>\n\n\n\n<li><a>...<\/a><\/li>\n\n\n\n<li><a href='?page_no=30786'>30786<\/a><\/li>\n\n\n\n<li><a href='?page_no=30787'>30787<\/a><\/li>\n\n\n\n<li class='active'><a>30788<\/a><\/li>\n\n\n\n<li><a href='?page_no=30789'>30789<\/a><\/li>\n\n\n\n<li><a href='?page_no=30790'>30790<\/a><\/li>\n\n\n\n<li><a>...<\/a><\/li>\n\n\n\n<li><a href='?page_no=31963'>31963<\/a><\/li>\n\n\n\n<li><a href='?page_no=31964'>31964<\/a><\/li>\n\n    \n\t\n\n<li >\n\t<a href='?page_no=30789'>Next<\/a>\n\t<\/li>\n\n\n    \n\n<li><a href='?page_no=31964'>Last &rsaquo;&rsaquo;<\/a><\/li>\n\n<\/ul>\n\n\n--><br \/>\n<\/body><\/p>\n","protected":false},"excerpt":{"rendered":"<p>Santo Domingo, RD, 28 oct 2010.- La Oficina Nacional de Meteorolog\u00eda (ONAMET) inform\u00f3 este mi\u00e9rcoles que los efectos de una vaguada ubicada sobre la isla mezclados con nubosidad ser\u00e1n los responsables de los aguaceros que se produzcan en el territorio nacional y estar\u00e1n acompa\u00f1ados de tronadas y aisladas r\u00e1fagas de vientos, principalmente sobre los poblados [&hellip;]<\/p>\n","protected":false},"author":3,"featured_media":0,"comment_status":"open","ping_status":"open","sticky":false,"template":"","format":"standard","meta":{"footnotes":""},"categories":[24],"tags":[],"class_list":["post-155620","post","type-post","status-publish","format-standard","hentry","category-justicia-y-derecho"],"_links":{"self":[{"href":"https:\/\/diariodominicano.com\/index.php?rest_route=\/wp\/v2\/posts\/155620","targetHints":{"allow":["GET"]}}],"collection":[{"href":"https:\/\/diariodominicano.com\/index.php?rest_route=\/wp\/v2\/posts"}],"about":[{"href":"https:\/\/diariodominicano.com\/index.php?rest_route=\/wp\/v2\/types\/post"}],"author":[{"embeddable":true,"href":"https:\/\/diariodominicano.com\/index.php?rest_route=\/wp\/v2\/users\/3"}],"replies":[{"embeddable":true,"href":"https:\/\/diariodominicano.com\/index.php?rest_route=%2Fwp%2Fv2%2Fcomments&post=155620"}],"version-history":[{"count":0,"href":"https:\/\/diariodominicano.com\/index.php?rest_route=\/wp\/v2\/posts\/155620\/revisions"}],"wp:attachment":[{"href":"https:\/\/diariodominicano.com\/index.php?rest_route=%2Fwp%2Fv2%2Fmedia&parent=155620"}],"wp:term":[{"taxonomy":"category","embeddable":true,"href":"https:\/\/diariodominicano.com\/index.php?rest_route=%2Fwp%2Fv2%2Fcategories&post=155620"},{"taxonomy":"post_tag","embeddable":true,"href":"https:\/\/diariodominicano.com\/index.php?rest_route=%2Fwp%2Fv2%2Ftags&post=155620"}],"curies":[{"name":"wp","href":"https:\/\/api.w.org\/{rel}","templated":true}]}}