{"id":155619,"date":"2010-10-28T19:04:11","date_gmt":"2010-10-28T19:04:11","guid":{"rendered":"http:\/\/diariodominicano.ddns.net\/?p=155619"},"modified":"2010-10-28T19:04:11","modified_gmt":"2010-10-28T19:04:11","slug":"presidente-fernandez-asegura-zonas-francas-deben-ser-mas-competitivas","status":"publish","type":"post","link":"https:\/\/diariodominicano.com\/?p=155619","title":{"rendered":"Presidente Fern\u00e1ndez asegura zonas francas deben ser m\u00e1s competitivas"},"content":{"rendered":"<p><body><\/p>\n<p><img decoding=\"async\" src=\"http:\/\/localhost:8080\/justiciayderecho\/img3\/pdte zona franca.JPG\" \/>  <\/p>\n<\/p>\n<p><span class=\"text1noticias\">B\u00c1VARO, La Altagracia.- El presidente de la Rep\u00fablica, doctor Leonel Fern\u00e1ndez, observ\u00f3 este jueves que el gran reto que tienen por delante las zonas francas en este mundo cada vez m\u00e1s globalizado es ser mucho m\u00e1s competitivas, con productos y servicios que tengan un mayor valor agregado.<\/span><\/p>\n<\/p>\n<p><span class=\"text1noticias\">Al participar en la apertura de la XIV Conferencia Latinoamericana de Zonas Francas, celebrada en este complejo tur\u00edstico, el mandatario dominicano refiri\u00f3 que el viejo modelo de ese sector ha quedado en el pasado, el cual consist\u00eda en atraer la inversi\u00f3n extranjera directa, generar empleos y potenciarnos como pa\u00edses exportadores de productos agr\u00edcolas, objetivos que consider\u00f3 se han logrado eficazmente.<\/span><\/p>\n<\/p>\n<p><span class=\"text1noticias\">El Jefe de Estado indic\u00f3 que los nuevos tiempos presentan nuevas oportunidades y requieren que las zonas francas pasen ahora a un estado superior, que no solo se basen en competencias por bajos salarios, sino que formen y adiestren mejor las fuerzas laborales y diversifiquen los productos.<\/span><\/p>\n<\/p>\n<p><span class=\"text1noticias\">?Dentro esas nuevas oportunidades estar\u00e1 la obligatoriedad de una diversificaci\u00f3n de los productos que se elaboran en las zonas francas.  Pero est\u00e1 tambi\u00e9n la idea de incrementar la productividad y la innovaci\u00f3n en esos productos para poderlos insertar de manera positiva en la cadena global de comercializaci\u00f3n?, recalc\u00f3 Fern\u00e1ndez. <\/span><\/p>\n<\/p>\n<p><span class=\"text1noticias\">El presidente Fern\u00e1ndez dijo esperar que el c\u00f3nclave internacional aporte nuevas ideas que contribuyan significativamente a impulsar y desarrollar las zonas francas en toda el \u00e1rea. <\/span><\/p>\n<\/p>\n<p><span class=\"text1noticias\">En el evento,  la directora ejecutiva del Consejo Nacional de Zonas Francas de Exportaci\u00f3n (CNZFE), Luisa Fern\u00e1ndez, valor\u00f3 la importancia de que la Rep\u00fablica Dominicana haya sido escogida para el c\u00f3nclave internacional, lo que demuestra el potencial que tiene el pa\u00eds para la inversi\u00f3n en zonas francas.<\/span><\/p>\n<\/p>\n<p><span class=\"text1noticias\">Observ\u00f3 que la reuni\u00f3n constituye un reconocimiento de los pa\u00edses participantes al esfuerzo que hace el gobierno dominicano, por instrucciones expresas del presidente Fern\u00e1ndez, para propulsar y mantener la competitividad de este importante sector de la econom\u00eda nacional.<\/span><\/p>\n<\/p>\n<p><span class=\"text1noticias\">La XIV Conferencia Latinoamericana de Zonas Francas re\u00fane a funcionarios del gobierno as\u00ed como a empresarios del sector y  representantes de m\u00e1s de 30 pa\u00edses latinoamericanos, entre ellos Colombia, Brasil, Chile, Ecuador, Per\u00fa, Costa Rica, Nicaragua, Honduras, El Salvador, Guatemala, Puerto Rico, M\u00e9xico, Venezuela,  Estados Unidos, Espa\u00f1a, Dubai e India.<\/span><\/p>\n<\/p>\n<p><span class=\"text1noticias\">El encuentro,  que concluir\u00e1 el pr\u00f3ximo viernes 29,  tendr\u00e1 la participaci\u00f3n de expertos expositores internacionales y nacionales, quienes presentar\u00e1n y discutir\u00e1n las informaciones m\u00e1s recientes sobre el sector zonas francas, as\u00ed como los retos y perspectivas que ofrece el proceso de globalizaci\u00f3n y la apertura de mercados.<\/span><\/p>\n<\/p>\n<h6> 2010-10-28 19:04:11 <\/h6>\n<p><!--\n<link rel=\"stylesheet\" href=\"css\/bootstrap.min.css\">\n\n\n<ul class=\"pagination\">\n\t    \n\t\n\n<li >\n\t<a href='?page_no=30786'>Previous<\/a>\n\t<\/li>\n\n\n       \n    \n\n<li><a href='?page_no=1'>1<\/a><\/li>\n\n\n\n<li><a href='?page_no=2'>2<\/a><\/li>\n\n\n\n<li><a>...<\/a><\/li>\n\n\n\n<li><a href='?page_no=30785'>30785<\/a><\/li>\n\n\n\n<li><a href='?page_no=30786'>30786<\/a><\/li>\n\n\n\n<li class='active'><a>30787<\/a><\/li>\n\n\n\n<li><a href='?page_no=30788'>30788<\/a><\/li>\n\n\n\n<li><a href='?page_no=30789'>30789<\/a><\/li>\n\n\n\n<li><a>...<\/a><\/li>\n\n\n\n<li><a href='?page_no=31963'>31963<\/a><\/li>\n\n\n\n<li><a href='?page_no=31964'>31964<\/a><\/li>\n\n    \n\t\n\n<li >\n\t<a href='?page_no=30788'>Next<\/a>\n\t<\/li>\n\n\n    \n\n<li><a href='?page_no=31964'>Last &rsaquo;&rsaquo;<\/a><\/li>\n\n<\/ul>\n\n\n--><br \/>\n<\/body><\/p>\n","protected":false},"excerpt":{"rendered":"<p>B\u00c1VARO, La Altagracia.- El presidente de la Rep\u00fablica, doctor Leonel Fern\u00e1ndez, observ\u00f3 este jueves que el gran reto que tienen por delante las zonas francas en este mundo cada vez m\u00e1s globalizado es ser mucho m\u00e1s competitivas, con productos y servicios que tengan un mayor valor agregado. Al participar en la apertura de la XIV [&hellip;]<\/p>\n","protected":false},"author":3,"featured_media":0,"comment_status":"open","ping_status":"open","sticky":false,"template":"","format":"standard","meta":{"footnotes":""},"categories":[24],"tags":[],"class_list":["post-155619","post","type-post","status-publish","format-standard","hentry","category-justicia-y-derecho"],"_links":{"self":[{"href":"https:\/\/diariodominicano.com\/index.php?rest_route=\/wp\/v2\/posts\/155619","targetHints":{"allow":["GET"]}}],"collection":[{"href":"https:\/\/diariodominicano.com\/index.php?rest_route=\/wp\/v2\/posts"}],"about":[{"href":"https:\/\/diariodominicano.com\/index.php?rest_route=\/wp\/v2\/types\/post"}],"author":[{"embeddable":true,"href":"https:\/\/diariodominicano.com\/index.php?rest_route=\/wp\/v2\/users\/3"}],"replies":[{"embeddable":true,"href":"https:\/\/diariodominicano.com\/index.php?rest_route=%2Fwp%2Fv2%2Fcomments&post=155619"}],"version-history":[{"count":0,"href":"https:\/\/diariodominicano.com\/index.php?rest_route=\/wp\/v2\/posts\/155619\/revisions"}],"wp:attachment":[{"href":"https:\/\/diariodominicano.com\/index.php?rest_route=%2Fwp%2Fv2%2Fmedia&parent=155619"}],"wp:term":[{"taxonomy":"category","embeddable":true,"href":"https:\/\/diariodominicano.com\/index.php?rest_route=%2Fwp%2Fv2%2Fcategories&post=155619"},{"taxonomy":"post_tag","embeddable":true,"href":"https:\/\/diariodominicano.com\/index.php?rest_route=%2Fwp%2Fv2%2Ftags&post=155619"}],"curies":[{"name":"wp","href":"https:\/\/api.w.org\/{rel}","templated":true}]}}