{"id":155618,"date":"2010-10-28T19:20:22","date_gmt":"2010-10-28T19:20:22","guid":{"rendered":"http:\/\/diariodominicano.ddns.net\/?p=155618"},"modified":"2010-10-28T19:20:22","modified_gmt":"2010-10-28T19:20:22","slug":"vicepresidente-alburquerque-espera-reunirse-con-ministro-de-educacion-para-hablar-del-desayuno-escolar","status":"publish","type":"post","link":"https:\/\/diariodominicano.com\/?p=155618","title":{"rendered":"Vicepresidente Alburquerque espera reunirse con Ministro de Educaci\u00f3n para hablar del Desayuno Escolar"},"content":{"rendered":"<p><body><\/p>\n<p><img decoding=\"async\" src=\"http:\/\/localhost:8080\/justiciayderecho\/img3\/Alburquerque en su Despacho Palacio.JPG\" \/>  <\/p>\n<\/p>\n<p><span class=\"text1noticias\">Santo Domingo.- El vicepresidente de la Rep\u00fablica, doctor Rafael Alburquerque, comunic\u00f3 este jueves que espera reunirse con el ministro de Educaci\u00f3n, Melanio Paredes, para estudiar la propuesta de que el Programa Solidaridad maneje lo relativo a la distribuci\u00f3n del Desayuno Escolar.<\/span><\/p>\n<\/p>\n<p><span class=\"text1noticias\">Afirm\u00f3 que en dicho encuentro se conocer\u00e1 cu\u00e1l es el prop\u00f3sito y el alcance de la solicitud del Ministerio de educaci\u00f3n.<\/span><\/p>\n<\/p>\n<p><span class=\"text1noticias\">Alburquerque dijo que como funcionario p\u00fablico est\u00e1 obligado a servir al pa\u00eds y a la ciudadan\u00eda, y adelant\u00f3 que de lo que se trata \u00abes de examinar las condiciones en que se realiza la distribuci\u00f3n y luego establecer, en el caso de Programa Solidaridad, cu\u00e1les ser\u00edan los mecanismos apropiados\u00bb.<\/span><\/p>\n<\/p>\n<p><span class=\"text1noticias\">Record\u00f3 que el Ministerio de Educaci\u00f3n ha sido muy en\u00e9rgico en el sentido de que se est\u00e1 realizando una investigaci\u00f3n de los casos de intoxicaci\u00f3n de alumnos, con el objetivo de determinar si hay manos criminales en esa situaci\u00f3n.<\/span><\/p>\n<\/p>\n<p><span class=\"text1noticias\">En ese sentido, advirti\u00f3 que con la salud no se puede jugar,  particularmente en este caso en que se trata de ni\u00f1os y ni\u00f1as.<\/span><\/p>\n<\/p>\n<p><span class=\"text1noticias\">Alburquerque manifest\u00f3 su esperanza de que con las medidas que se est\u00e1n adoptando se eviten nuevos incidentes.<\/span><\/p>\n<\/p>\n<p><span class=\"text1noticias\">El vicepresidente Alburquerque habl\u00f3 en conferencia de prensa en su despacho del Palacio Nacional.<\/span><\/p>\n<\/p>\n<p><span class=\"text1noticias\">Record\u00f3 que el Programa Solidaridad funciona con una tarjeta de d\u00e9bito y no distribuye alimentos, sino que cada quien adquiere sus alimentos a trav\u00e9s de ella; por lo que tendr\u00eda que o\u00edr lo que tenga que decir al respecto el Ministro de Educaci\u00f3n, Melanio Paredes, para tener una idea m\u00e1s acabada de lo que se ha propuesto.<\/span><\/p>\n<\/p>\n<p><span class=\"text1noticias\">Afirm\u00f3 asimismo, que cree que Paredes ha sido bastante en\u00e9rgico con los casos de intoxicaciones que se han dado con el Desayuno Escolar, y que ha abordado la problem\u00e1tica de manera responsable, realizando las investigaciones de lugar, para determinar si hay manos criminales en ese caso, porque se trata de la salud de ni\u00f1os y ni\u00f1as.<\/span><\/p>\n<\/p>\n<p><span class=\"text1noticias\">\u00abHa habido toda una acci\u00f3n en\u00e9rgica de parte de Educaci\u00f3n, y creo que con las medidas que se est\u00e1n tomando, se dar\u00e1n soluciones, para evitar que ocurran casos como los denunciados\u00bb, record\u00f3.<\/span><\/p>\n<\/p>\n<p><span class=\"text1noticias\">REELECCION<\/span><\/p>\n<\/p>\n<p><span class=\"text1noticias\">Ante la pregunta de si la reelecci\u00f3n es buena, Alburquerque afirm\u00f3 que \u00abha sido muy buena\u00bb, y que la mejor respuesta a ello es la excelente gesti\u00f3n que ha hecho el Presidente Leonel Fern\u00e1ndez al frente del Gobierno y que est\u00e1 dispuesto a apoyar al mandatario en lo que decida.<\/span><\/p>\n<\/p>\n<p><span class=\"text1noticias\">\u00abSiempre he estado al lado del Presidente Leonel Fern\u00e1ndez, y estar\u00e9 apoyando la decisi\u00f3n que tome, cualquiera que esta sea\u00bb, afirm\u00f3 Alburquerque.<\/span><\/p>\n<\/p>\n<p><span class=\"text1noticias\">Los periodistas cuestionaron tambi\u00e9n al vicepresidente sobre los alegados aprestos reeleccionistas que se gestan desde el Congreso, y sobre el reciente anuncio hecho por el Comit\u00e9 Pol\u00edtico del PLD, sobre los recorridos que har\u00e1 el Presidente Leonel Fern\u00e1ndez, en sus funciones de presidente del PLD, para organizar el partido oficial, y que comenzar\u00e1n este domingo en San Francisco.<\/span><\/p>\n<\/p>\n<p><span class=\"text1noticias\">Alburquerque record\u00f3 que el Comit\u00e9 Pol\u00edtico del PLD aprob\u00f3 un Programa de Juramentaci\u00f3n de nuevos miembros y de organizar a otros que ya est\u00e1n juramentados, y que dichos actos ser\u00e1n encabezados por el Jefe de Estado y los titulares del CP del PLD, y que fue una decisi\u00f3n aprobada a unanimidad por el organismo pol\u00edtico del PLD.<\/span><\/p>\n<\/p>\n<p><span class=\"text1noticias\">Con relaci\u00f3n a los anuncios de congresistas oficialistas de que apoyaran al Presidente Fern\u00e1ndez, en caso de que quiera optar por un nuevo periodo, Alburquerque dijo que esa es la decisi\u00f3n soberana de dichos legisladores, al igual que otros miembros del Comit\u00e9 Pol\u00edtico y el Comit\u00e9 Central del Partido oficial, que tambi\u00e9n han manifestado p\u00fablicamente su decisi\u00f3n de apoyar al mandatario.<\/span><\/p>\n<\/p>\n<p><span class=\"text1noticias\"> <\/span><\/p>\n<h6> 2010-10-28 19:20:22 <\/h6>\n<p><!--\n<link rel=\"stylesheet\" href=\"css\/bootstrap.min.css\">\n\n\n<ul class=\"pagination\">\n\t    \n\t\n\n<li >\n\t<a href='?page_no=30785'>Previous<\/a>\n\t<\/li>\n\n\n       \n    \n\n<li><a href='?page_no=1'>1<\/a><\/li>\n\n\n\n<li><a href='?page_no=2'>2<\/a><\/li>\n\n\n\n<li><a>...<\/a><\/li>\n\n\n\n<li><a href='?page_no=30784'>30784<\/a><\/li>\n\n\n\n<li><a href='?page_no=30785'>30785<\/a><\/li>\n\n\n\n<li class='active'><a>30786<\/a><\/li>\n\n\n\n<li><a href='?page_no=30787'>30787<\/a><\/li>\n\n\n\n<li><a href='?page_no=30788'>30788<\/a><\/li>\n\n\n\n<li><a>...<\/a><\/li>\n\n\n\n<li><a href='?page_no=31963'>31963<\/a><\/li>\n\n\n\n<li><a href='?page_no=31964'>31964<\/a><\/li>\n\n    \n\t\n\n<li >\n\t<a href='?page_no=30787'>Next<\/a>\n\t<\/li>\n\n\n    \n\n<li><a href='?page_no=31964'>Last &rsaquo;&rsaquo;<\/a><\/li>\n\n<\/ul>\n\n\n--><br \/>\n<\/body><\/p>\n","protected":false},"excerpt":{"rendered":"<p>Santo Domingo.- El vicepresidente de la Rep\u00fablica, doctor Rafael Alburquerque, comunic\u00f3 este jueves que espera reunirse con el ministro de Educaci\u00f3n, Melanio Paredes, para estudiar la propuesta de que el Programa Solidaridad maneje lo relativo a la distribuci\u00f3n del Desayuno Escolar. Afirm\u00f3 que en dicho encuentro se conocer\u00e1 cu\u00e1l es el prop\u00f3sito y el alcance [&hellip;]<\/p>\n","protected":false},"author":3,"featured_media":0,"comment_status":"open","ping_status":"open","sticky":false,"template":"","format":"standard","meta":{"footnotes":""},"categories":[24],"tags":[],"class_list":["post-155618","post","type-post","status-publish","format-standard","hentry","category-justicia-y-derecho"],"_links":{"self":[{"href":"https:\/\/diariodominicano.com\/index.php?rest_route=\/wp\/v2\/posts\/155618","targetHints":{"allow":["GET"]}}],"collection":[{"href":"https:\/\/diariodominicano.com\/index.php?rest_route=\/wp\/v2\/posts"}],"about":[{"href":"https:\/\/diariodominicano.com\/index.php?rest_route=\/wp\/v2\/types\/post"}],"author":[{"embeddable":true,"href":"https:\/\/diariodominicano.com\/index.php?rest_route=\/wp\/v2\/users\/3"}],"replies":[{"embeddable":true,"href":"https:\/\/diariodominicano.com\/index.php?rest_route=%2Fwp%2Fv2%2Fcomments&post=155618"}],"version-history":[{"count":0,"href":"https:\/\/diariodominicano.com\/index.php?rest_route=\/wp\/v2\/posts\/155618\/revisions"}],"wp:attachment":[{"href":"https:\/\/diariodominicano.com\/index.php?rest_route=%2Fwp%2Fv2%2Fmedia&parent=155618"}],"wp:term":[{"taxonomy":"category","embeddable":true,"href":"https:\/\/diariodominicano.com\/index.php?rest_route=%2Fwp%2Fv2%2Fcategories&post=155618"},{"taxonomy":"post_tag","embeddable":true,"href":"https:\/\/diariodominicano.com\/index.php?rest_route=%2Fwp%2Fv2%2Ftags&post=155618"}],"curies":[{"name":"wp","href":"https:\/\/api.w.org\/{rel}","templated":true}]}}