{"id":155609,"date":"2010-10-28T22:01:23","date_gmt":"2010-10-28T22:01:23","guid":{"rendered":"http:\/\/diariodominicano.ddns.net\/?p=155609"},"modified":"2010-10-28T22:01:23","modified_gmt":"2010-10-28T22:01:23","slug":"rojas-gomez-informa-a-legisladores-sobre-necesidades-presupuestales","status":"publish","type":"post","link":"https:\/\/diariodominicano.com\/?p=155609","title":{"rendered":"&#13;Rojas G\u00f3mez  informa a legisladores sobre necesidades presupu\u00e9stales"},"content":{"rendered":"<p><body><\/p>\n<p><span class=\"text1noticias\">Santo Domingo.-La Comisi\u00f3n Bicameral que estudia el Proyecto de Presupuesto y Ley de Gastos P\u00fablicos del Gobierno Central fue informada por el ministro de Salud P\u00fablica, Bautista Rojas G\u00f3mez, sobre los planes e inversi\u00f3n previstos para el pr\u00f3ximo a\u00f1o.<\/span><\/p>\n<\/p>\n<p><span class=\"text1noticias\"> El senador Dionis S\u00e1nchez, presidente de la comisi\u00f3n bicameral, expres\u00f3 su satisfacci\u00f3n por la amplia cobertura nacional que en materia de obras tiene planeada la cartera sanitaria. <\/span><\/p>\n<\/p>\n<p><span class=\"text1noticias\">De acuerdo con el representante de Pedernales, el ministro de Salud P\u00fablica anunci\u00f3 su firme prop\u00f3sito de proseguir en 2011 con el plan de descentralizaci\u00f3n de los servicios para concluirlos en 2012.<\/span><\/p>\n<\/p>\n<p><span class=\"text1noticias\">El presidente de la Comisi\u00f3n Bicameral ponder\u00f3 las expresiones de Rojas G\u00f3mez en el sentido de que en dos a\u00f1os cada una de las nueve regionales de salud operar\u00e1 pr\u00e1cticamente igual que un Ministerio, \u00abcon toda la independencia administrativa y financiera requerida\u00bb.<\/span><\/p>\n<\/p>\n<p><span class=\"text1noticias\">Seg\u00fan S\u00e1nchez, Rojas G\u00f3mez admiti\u00f3 como uno de los retos del Ministerio de Salud P\u00fablica es reducir de manera sensible la mortalidad materia, la cual consider\u00f3 alta ?pese a que se dispone de una cobertura del 90% de la demanda de ese servicio?.<\/span><\/p>\n<\/p>\n<p><span class=\"text1noticias\">La reuni\u00f3n de la Comisi\u00f3n Bicameral que estudia el Presupuesto recibi\u00f3 al  ministro de Salud P\u00fablica el sal\u00f3n Charles Summer, ubicado en la sexta planta del edificio del Congreso.<\/span><\/p>\n<\/p>\n<p><span class=\"text1noticias\">?Rojas G\u00f3mez atendi\u00f3 una por una las inquietudes de los legisladores hasta el punto de informarles de obras perentorias que no hab\u00edan solicitado, pero que est\u00e1n presupuestadas para su inicio en enero pr\u00f3ximo?, dijo S\u00e1nchez.<\/span><\/p>\n<\/p>\n<p><span class=\"text1noticias\">El titular de Salud P\u00fablica ofreci\u00f3 detalles sobre el registro de los indicadores de enfermedades como la mortalidad materna e infantil, la tuberculosis, malaria, dengue y el c\u00f3lera que ha provocado alrededor de 200 v\u00edctimas en el vecino Hait\u00ed.<\/span><\/p>\n<\/p>\n<p><span class=\"text1noticias\">Libre de c\u00f3lera<\/span><\/p>\n<\/p>\n<p><span class=\"text1noticias\">De acuerdo con el funcionario, Rep\u00fablica Dominicana aun no tiene el registro del primer caso de c\u00f3lera \u00aby eso lo podemos asegurar porque tenemos un monitoreo permanente de toda la diarrea que sufren los pacientes en todo el territorio nacional\u00bb.<\/span><\/p>\n<\/p>\n<p><span class=\"text1noticias\">\u00abVerificamos todas las diarreas que entraron hoy al sistema sanitario y ninguna dio positivo a la enfermedad del C\u00f3lera\u00bb, puntualiz\u00f3. <\/span><\/p>\n<\/p>\n<p><span class=\"text1noticias\">Rojas G\u00f3mez celebr\u00f3 los elogios que recibi\u00f3 de parte de algunos obispos por que en los esfuerzos por evitar la penetraci\u00f3n del c\u00f3lera las autoridades anden de las manos con la Asociaci\u00f3n M\u00e9dica Dominicana.<\/span><\/p>\n<\/p>\n<p><span class=\"text1noticias\">\u00abNosotros  (Salud P\u00fablica y el CMD) que tradicionalmente nos peleamos ahora trabajamos de manera mancomunada para garantizar un servicio cada vez m\u00e1s eficiente y prevenir el c\u00f3lera\u00bb, dijo Rojas G\u00f3mez.<\/span><\/p>\n<\/p>\n<h6> 2010-10-28 22:01:23 <\/h6>\n<p><!--\n<link rel=\"stylesheet\" href=\"css\/bootstrap.min.css\">\n\n\n<ul class=\"pagination\">\n\t    \n\t\n\n<li >\n\t<a href='?page_no=30776'>Previous<\/a>\n\t<\/li>\n\n\n       \n    \n\n<li><a href='?page_no=1'>1<\/a><\/li>\n\n\n\n<li><a href='?page_no=2'>2<\/a><\/li>\n\n\n\n<li><a>...<\/a><\/li>\n\n\n\n<li><a href='?page_no=30775'>30775<\/a><\/li>\n\n\n\n<li><a href='?page_no=30776'>30776<\/a><\/li>\n\n\n\n<li class='active'><a>30777<\/a><\/li>\n\n\n\n<li><a href='?page_no=30778'>30778<\/a><\/li>\n\n\n\n<li><a href='?page_no=30779'>30779<\/a><\/li>\n\n\n\n<li><a>...<\/a><\/li>\n\n\n\n<li><a href='?page_no=31963'>31963<\/a><\/li>\n\n\n\n<li><a href='?page_no=31964'>31964<\/a><\/li>\n\n    \n\t\n\n<li >\n\t<a href='?page_no=30778'>Next<\/a>\n\t<\/li>\n\n\n    \n\n<li><a href='?page_no=31964'>Last &rsaquo;&rsaquo;<\/a><\/li>\n\n<\/ul>\n\n\n--><br \/>\n<\/body><\/p>\n","protected":false},"excerpt":{"rendered":"<p>Santo Domingo.-La Comisi\u00f3n Bicameral que estudia el Proyecto de Presupuesto y Ley de Gastos P\u00fablicos del Gobierno Central fue informada por el ministro de Salud P\u00fablica, Bautista Rojas G\u00f3mez, sobre los planes e inversi\u00f3n previstos para el pr\u00f3ximo a\u00f1o. El senador Dionis S\u00e1nchez, presidente de la comisi\u00f3n bicameral, expres\u00f3 su satisfacci\u00f3n por la amplia cobertura [&hellip;]<\/p>\n","protected":false},"author":3,"featured_media":0,"comment_status":"open","ping_status":"open","sticky":false,"template":"","format":"standard","meta":{"footnotes":""},"categories":[24],"tags":[],"class_list":["post-155609","post","type-post","status-publish","format-standard","hentry","category-justicia-y-derecho"],"_links":{"self":[{"href":"https:\/\/diariodominicano.com\/index.php?rest_route=\/wp\/v2\/posts\/155609","targetHints":{"allow":["GET"]}}],"collection":[{"href":"https:\/\/diariodominicano.com\/index.php?rest_route=\/wp\/v2\/posts"}],"about":[{"href":"https:\/\/diariodominicano.com\/index.php?rest_route=\/wp\/v2\/types\/post"}],"author":[{"embeddable":true,"href":"https:\/\/diariodominicano.com\/index.php?rest_route=\/wp\/v2\/users\/3"}],"replies":[{"embeddable":true,"href":"https:\/\/diariodominicano.com\/index.php?rest_route=%2Fwp%2Fv2%2Fcomments&post=155609"}],"version-history":[{"count":0,"href":"https:\/\/diariodominicano.com\/index.php?rest_route=\/wp\/v2\/posts\/155609\/revisions"}],"wp:attachment":[{"href":"https:\/\/diariodominicano.com\/index.php?rest_route=%2Fwp%2Fv2%2Fmedia&parent=155609"}],"wp:term":[{"taxonomy":"category","embeddable":true,"href":"https:\/\/diariodominicano.com\/index.php?rest_route=%2Fwp%2Fv2%2Fcategories&post=155609"},{"taxonomy":"post_tag","embeddable":true,"href":"https:\/\/diariodominicano.com\/index.php?rest_route=%2Fwp%2Fv2%2Ftags&post=155609"}],"curies":[{"name":"wp","href":"https:\/\/api.w.org\/{rel}","templated":true}]}}