{"id":155607,"date":"2010-10-29T13:07:36","date_gmt":"2010-10-29T13:07:36","guid":{"rendered":"http:\/\/diariodominicano.ddns.net\/?p=155607"},"modified":"2010-10-29T13:07:36","modified_gmt":"2010-10-29T13:07:36","slug":"junco-pide-gobierno-gestione-vacunas-contra-el-colera","status":"publish","type":"post","link":"https:\/\/diariodominicano.com\/?p=155607","title":{"rendered":"JUNCO pide gobierno gestione vacunas contra el C\u00f3lera"},"content":{"rendered":"<p><body><\/p>\n<p><img decoding=\"async\" src=\"img3\/vacunas.jpg\" \/>  <\/p>\n<\/p>\n<p><span class=\"text1noticias\">Santo Domingo, 29 Oct 2010.- La organizaci\u00f3n no gubernamental denominada Juventud Nacional Comprometida (JUNCO) pide a las autoridades gubernamentales tomar m\u00e1s en serio la posibilidad de que entre el c\u00f3lera a nuestro pa\u00eds y que gestione vacunas para que est\u00e9n a disposici\u00f3n de la poblaci\u00f3n dominicana.<\/span><\/p>\n<\/p>\n<p><span class=\"text1noticias\">El brote de c\u00f3lera que se ha producido en Hait\u00ed constituye la mayor amenaza epidemiol\u00f3gica que ha enfrentado la Rep\u00fablica Dominicana en la historia y por ende es urgente que el Gobierno haga \u00e9nfasis en la prevenci\u00f3n, pero no simplemente recomendando medidas sanitarias sino logrando el acceso de los dominicanos a las vacunas contra el c\u00f3lera disponibles en otros mercados.<\/span><\/p>\n<\/p>\n<p><span class=\"text1noticias\">Leila Mej\u00eda, Presidenta del Consejo de Directores de JUNCO, afirma que existen diversas marcas de vacunas contra el c\u00f3lera producidas en varios pa\u00edses como Suecia, Espa\u00f1a y la India, aprobadas por la Organizaci\u00f3n Mundial de la Salud (OMS) y de efectividad reconocida.<\/span><\/p>\n<\/p>\n<p><span class=\"text1noticias\">La m\u00e1s novedosa, llamada Shanchol, es fabricada en la India como consecuencia de una investigaci\u00f3n financiada por la Fundaci\u00f3n de Bill y Melinda Gates y puede ser usada a partir de 1 a\u00f1o de edad, ofrece protecci\u00f3n frente al c\u00f3lera de 2 a\u00f1os y su precio actual de venta al p\u00fablico es de menos de 20 d\u00f3lares la dosis.<\/span><\/p>\n<\/p>\n<p><span class=\"text1noticias\">Mej\u00eda considera lamentable que las autoridades sanitarias ni siquiera hayan hecho referencia a la existencia de tan eficaz m\u00e9todo preventivo ante el c\u00f3lera y solicita al Gobierno buscar mecanismos, ya sea  trav\u00e9s de organismos p\u00fablicos como PROMESE o mediante incentivos al sector privado, para que la vacuna est\u00e9 r\u00e1pidamente disponible para la poblaci\u00f3n dominicana.<\/span><\/p>\n<\/p>\n<p><span class=\"text1noticias\">El c\u00f3lera se propaga con extrema facilidad y es una de las causas m\u00e1s importantes de mortalidad en pa\u00edses de Asia y \u00c1frica, y desde 1991 tambi\u00e9n en Latinoam\u00e9rica a partir de un brote que inici\u00f3 en Per\u00fa y se esparci\u00f3 al resto de los pa\u00edses exceptuando los del Caribe, infectando a casi cuatrocientas mil personas.<\/span><\/p>\n<\/p>\n<h6> 2010-10-29 13:07:36 <\/h6>\n<p><!--\n<link rel=\"stylesheet\" href=\"css\/bootstrap.min.css\">\n\n\n<ul class=\"pagination\">\n\t    \n\t\n\n<li >\n\t<a href='?page_no=30774'>Previous<\/a>\n\t<\/li>\n\n\n       \n    \n\n<li><a href='?page_no=1'>1<\/a><\/li>\n\n\n\n<li><a href='?page_no=2'>2<\/a><\/li>\n\n\n\n<li><a>...<\/a><\/li>\n\n\n\n<li><a href='?page_no=30773'>30773<\/a><\/li>\n\n\n\n<li><a href='?page_no=30774'>30774<\/a><\/li>\n\n\n\n<li class='active'><a>30775<\/a><\/li>\n\n\n\n<li><a href='?page_no=30776'>30776<\/a><\/li>\n\n\n\n<li><a href='?page_no=30777'>30777<\/a><\/li>\n\n\n\n<li><a>...<\/a><\/li>\n\n\n\n<li><a href='?page_no=31963'>31963<\/a><\/li>\n\n\n\n<li><a href='?page_no=31964'>31964<\/a><\/li>\n\n    \n\t\n\n<li >\n\t<a href='?page_no=30776'>Next<\/a>\n\t<\/li>\n\n\n    \n\n<li><a href='?page_no=31964'>Last &rsaquo;&rsaquo;<\/a><\/li>\n\n<\/ul>\n\n\n--><br \/>\n<\/body><\/p>\n","protected":false},"excerpt":{"rendered":"<p>Santo Domingo, 29 Oct 2010.- La organizaci\u00f3n no gubernamental denominada Juventud Nacional Comprometida (JUNCO) pide a las autoridades gubernamentales tomar m\u00e1s en serio la posibilidad de que entre el c\u00f3lera a nuestro pa\u00eds y que gestione vacunas para que est\u00e9n a disposici\u00f3n de la poblaci\u00f3n dominicana. El brote de c\u00f3lera que se ha producido en [&hellip;]<\/p>\n","protected":false},"author":3,"featured_media":0,"comment_status":"open","ping_status":"open","sticky":false,"template":"","format":"standard","meta":{"footnotes":""},"categories":[24],"tags":[],"class_list":["post-155607","post","type-post","status-publish","format-standard","hentry","category-justicia-y-derecho"],"_links":{"self":[{"href":"https:\/\/diariodominicano.com\/index.php?rest_route=\/wp\/v2\/posts\/155607","targetHints":{"allow":["GET"]}}],"collection":[{"href":"https:\/\/diariodominicano.com\/index.php?rest_route=\/wp\/v2\/posts"}],"about":[{"href":"https:\/\/diariodominicano.com\/index.php?rest_route=\/wp\/v2\/types\/post"}],"author":[{"embeddable":true,"href":"https:\/\/diariodominicano.com\/index.php?rest_route=\/wp\/v2\/users\/3"}],"replies":[{"embeddable":true,"href":"https:\/\/diariodominicano.com\/index.php?rest_route=%2Fwp%2Fv2%2Fcomments&post=155607"}],"version-history":[{"count":0,"href":"https:\/\/diariodominicano.com\/index.php?rest_route=\/wp\/v2\/posts\/155607\/revisions"}],"wp:attachment":[{"href":"https:\/\/diariodominicano.com\/index.php?rest_route=%2Fwp%2Fv2%2Fmedia&parent=155607"}],"wp:term":[{"taxonomy":"category","embeddable":true,"href":"https:\/\/diariodominicano.com\/index.php?rest_route=%2Fwp%2Fv2%2Fcategories&post=155607"},{"taxonomy":"post_tag","embeddable":true,"href":"https:\/\/diariodominicano.com\/index.php?rest_route=%2Fwp%2Fv2%2Ftags&post=155607"}],"curies":[{"name":"wp","href":"https:\/\/api.w.org\/{rel}","templated":true}]}}