{"id":155605,"date":"2010-10-29T17:18:25","date_gmt":"2010-10-29T17:18:25","guid":{"rendered":"http:\/\/diariodominicano.ddns.net\/?p=155605"},"modified":"2010-10-29T17:18:25","modified_gmt":"2010-10-29T17:18:25","slug":"onamet-dice-vaguada-que-se-desprende-de-una-tormenta-tropical-provocara-aguaceros-este-fin-de-semana-en-el-pais","status":"publish","type":"post","link":"https:\/\/diariodominicano.com\/?p=155605","title":{"rendered":"ONAMET dice: Vaguada que se desprende de una tormenta tropical provocar\u00e1 aguaceros este fin de semana  en el pa\u00eds"},"content":{"rendered":"<p><body><\/p>\n<\/p>\n<p><span class=\"text1noticias\">Santo Domingo, 29 Oct 2010 .- La Oficina Nacional de Meteorolog\u00eda (Onamet) inform\u00f3 que una vaguada que se desprende de la tormenta tropical Shary provocar\u00e1 este fin de semana  aguaceros dispersos en gran parte del territorio nacional. <\/span><\/p>\n<\/p>\n<p><span class=\"text1noticias\"> La Onamet dijo que   las lluvias ser\u00e1n de  moderada intensidad hacia la regi\u00f3n Este, Noreste, Sureste, Valle del Cibao y la Cordillera Central.<\/span><\/p>\n<\/p>\n<p><span class=\"text1noticias\">En otro orden la Oficina Nacional de Meteorolog\u00eda vigila una zona de aguaceros y tormentas el\u00e9ctricas, asociada a una Onda Tropical, localizada en la ma\u00f1ana de hoy a unos  880  kil\u00f3metros al Oeste\/Sureste de las islas de Barlovento (Antillas Menores), el cual tiene un alto potencial de convertirse en Cicl\u00f3n Tropical en los pr\u00f3ximos d\u00edas despu\u00e9s que entre en aguas del Mar Caribe. <\/span><\/p>\n<\/p>\n<p><span class=\"text1noticias\">?Recomendamos a la poblaci\u00f3n mantenerse informada con los boletines que estaremos emitiendo de la evoluci\u00f3n y desarrollo de dicho fen\u00f3meno tropical? dice el bolet\u00edn.<\/span><\/p>\n<\/p>\n<p><strong><span class=\"text1noticias\">Tormenta Shary<\/span><\/strong><\/p>\n<\/p>\n<p><span class=\"text1noticias\">En cuanto a la tormenta Shary que se form\u00f3 anoche a unos 400 kil\u00f3metros al Sur de Bermuda, con vientos m\u00e1ximos de 65 kil\u00f3metros por hora,  este fen\u00f3meno no ofrece peligro para la Rep\u00fablica Dominicana. <\/span><\/p>\n<\/p>\n<p><span class=\"text1noticias\">Pron\u00f3sticos locales Aguaceros dispersos, tormentas el\u00e9ctricas y aisladas r\u00e1fagas de vientos principalmente  hacia las provincias: Santiago, Saman\u00e1, Mar\u00eda Trinidad S\u00e1nchez, Espaillat, Hermanas Mirabal, Duarte, Monte Plata, Hato Mayor, El Seibo, San Jos\u00e9 de Ocoa,  San Crist\u00f3bal,  Monse\u00f1or Nouel, S\u00e1nchez Ram\u00edrez, La Romana, San Pedro de Macor\u00eds.<\/span><\/p>\n<\/p>\n<p><span class=\"text1noticias\">En Santo Domingo y el Distrito Nacional cielo medio nublado con aguaceros y tronadas.<\/span><\/p>\n<\/p>\n<h6> 2010-10-29 17:18:25 <\/h6>\n<p><!--\n<link rel=\"stylesheet\" href=\"css\/bootstrap.min.css\">\n\n\n<ul class=\"pagination\">\n\t    \n\t\n\n<li >\n\t<a href='?page_no=30772'>Previous<\/a>\n\t<\/li>\n\n\n       \n    \n\n<li><a href='?page_no=1'>1<\/a><\/li>\n\n\n\n<li><a href='?page_no=2'>2<\/a><\/li>\n\n\n\n<li><a>...<\/a><\/li>\n\n\n\n<li><a href='?page_no=30771'>30771<\/a><\/li>\n\n\n\n<li><a href='?page_no=30772'>30772<\/a><\/li>\n\n\n\n<li class='active'><a>30773<\/a><\/li>\n\n\n\n<li><a href='?page_no=30774'>30774<\/a><\/li>\n\n\n\n<li><a href='?page_no=30775'>30775<\/a><\/li>\n\n\n\n<li><a>...<\/a><\/li>\n\n\n\n<li><a href='?page_no=31963'>31963<\/a><\/li>\n\n\n\n<li><a href='?page_no=31964'>31964<\/a><\/li>\n\n    \n\t\n\n<li >\n\t<a href='?page_no=30774'>Next<\/a>\n\t<\/li>\n\n\n    \n\n<li><a href='?page_no=31964'>Last &rsaquo;&rsaquo;<\/a><\/li>\n\n<\/ul>\n\n\n--><br \/>\n<\/body><\/p>\n","protected":false},"excerpt":{"rendered":"<p>Santo Domingo, 29 Oct 2010 .- La Oficina Nacional de Meteorolog\u00eda (Onamet) inform\u00f3 que una vaguada que se desprende de la tormenta tropical Shary provocar\u00e1 este fin de semana aguaceros dispersos en gran parte del territorio nacional. La Onamet dijo que las lluvias ser\u00e1n de moderada intensidad hacia la regi\u00f3n Este, Noreste, Sureste, Valle del [&hellip;]<\/p>\n","protected":false},"author":3,"featured_media":0,"comment_status":"open","ping_status":"open","sticky":false,"template":"","format":"standard","meta":{"footnotes":""},"categories":[24],"tags":[],"class_list":["post-155605","post","type-post","status-publish","format-standard","hentry","category-justicia-y-derecho"],"_links":{"self":[{"href":"https:\/\/diariodominicano.com\/index.php?rest_route=\/wp\/v2\/posts\/155605","targetHints":{"allow":["GET"]}}],"collection":[{"href":"https:\/\/diariodominicano.com\/index.php?rest_route=\/wp\/v2\/posts"}],"about":[{"href":"https:\/\/diariodominicano.com\/index.php?rest_route=\/wp\/v2\/types\/post"}],"author":[{"embeddable":true,"href":"https:\/\/diariodominicano.com\/index.php?rest_route=\/wp\/v2\/users\/3"}],"replies":[{"embeddable":true,"href":"https:\/\/diariodominicano.com\/index.php?rest_route=%2Fwp%2Fv2%2Fcomments&post=155605"}],"version-history":[{"count":0,"href":"https:\/\/diariodominicano.com\/index.php?rest_route=\/wp\/v2\/posts\/155605\/revisions"}],"wp:attachment":[{"href":"https:\/\/diariodominicano.com\/index.php?rest_route=%2Fwp%2Fv2%2Fmedia&parent=155605"}],"wp:term":[{"taxonomy":"category","embeddable":true,"href":"https:\/\/diariodominicano.com\/index.php?rest_route=%2Fwp%2Fv2%2Fcategories&post=155605"},{"taxonomy":"post_tag","embeddable":true,"href":"https:\/\/diariodominicano.com\/index.php?rest_route=%2Fwp%2Fv2%2Ftags&post=155605"}],"curies":[{"name":"wp","href":"https:\/\/api.w.org\/{rel}","templated":true}]}}