{"id":155602,"date":"2010-10-29T18:57:19","date_gmt":"2010-10-29T18:57:19","guid":{"rendered":"http:\/\/diariodominicano.ddns.net\/?p=155602"},"modified":"2010-10-29T18:57:19","modified_gmt":"2010-10-29T18:57:19","slug":"designan-sala-capitular-de-san-cristobal-con-el-nombre-de-luis-enrique-perdono-hidalgo","status":"publish","type":"post","link":"https:\/\/diariodominicano.com\/?p=155602","title":{"rendered":"&#13;Designan Sala Capitular de San Crist\u00f3bal con el nombre de  Lu\u00eds Enrique Perdono Hidalgo"},"content":{"rendered":"<p><body><\/p>\n<p><img decoding=\"async\" src=\"http:\/\/localhost:8080\/justiciayderecho\/img3\/Sr. Perdomo Hidalgo.JPG\" \/>  <\/p>\n<\/p>\n<p><em><strong> <\/strong><\/em><\/p>\n<p><em><strong><span class=\"text1noticias\">La decisi\u00f3n fue tomada a unanimidad, en homenaje al  hombre que lleva 58 a\u00f1os  como empleado de la alcald\u00eda de esta ciudad<\/span><\/strong><\/em><\/p>\n<\/p>\n<p><span class=\"text1noticias\">San Crist\u00f3bal.- El cabildo del municipio de San Crist\u00f3bal aprob\u00f3  hoy a unanimidad designar su Sala Capitular con el nombre de Lu\u00eds Enrique Perdomo Hidalgo, en homenaje en vida al empleado m\u00e1s viejo del ayuntamiento de esta ciudad.<\/span><\/p>\n<\/p>\n<p><span class=\"text1noticias\">La decisi\u00f3n fue tomada a unanimidad por el alcalde Ra\u00fal Mondes\u00ed y los ediles de los diferentes partidos pol\u00edticos, donde acordaron adem\u00e1s aumentarle el salario a Perdomo Hidalgo, de RD$3 mil a RD$20 mil.<\/span><\/p>\n<\/p>\n<p><span class=\"text1noticias\">Durante la sesi\u00f3n, Mondes\u00ed motiv\u00f3 la propuesta destacando los a\u00f1os de labor que lleva Perdomo Hidalgo en la instituci\u00f3n, y porque no ha manchado su nombre, ha sido honesto y durante todos estos a\u00f1os ha mostrado sencillez y humildad en sus labores.<\/span><\/p>\n<\/p>\n<p><span class=\"text1noticias\">El alcalde municipal valor\u00f3 adem\u00e1s, el respeto que tiene ese se\u00f1or a sus superiores y a todos los empleados de la alcald\u00eda.<\/span><\/p>\n<\/p>\n<p><span class=\"text1noticias\">Lu\u00eds Perdomo Hidalgo naci\u00f3 el 28 de febrero de 1936, y  lleva 58 a\u00f1os como empleado de la alcald\u00eda de esta ciudad.<\/span><\/p>\n<\/p>\n<p><span class=\"text1noticias\">Inici\u00f3  como mensajero,  luego pas\u00f3 al Departamento de Mantenimiento, y m\u00e1s tarde  trabaj\u00f3 en el Departamento de Almac\u00e9n y actualmente labora como mayordomo.<\/span><\/p>\n<\/p>\n<p><span class=\"text1noticias\"> Por otro lado, el alcalde Ra\u00fal Mondes\u00ed, quien devenga un salio de RD$158 mil, decidi\u00f3 destinar RD$20 mil de estos a instituciones sin fines de lucro que funcionan en esta ciudad.<\/span><\/p>\n<\/p>\n<h6> 2010-10-29 18:57:19 <\/h6>\n<p><!--\n<link rel=\"stylesheet\" href=\"css\/bootstrap.min.css\">\n\n\n<ul class=\"pagination\">\n\t    \n\t\n\n<li >\n\t<a href='?page_no=30769'>Previous<\/a>\n\t<\/li>\n\n\n       \n    \n\n<li><a href='?page_no=1'>1<\/a><\/li>\n\n\n\n<li><a href='?page_no=2'>2<\/a><\/li>\n\n\n\n<li><a>...<\/a><\/li>\n\n\n\n<li><a href='?page_no=30768'>30768<\/a><\/li>\n\n\n\n<li><a href='?page_no=30769'>30769<\/a><\/li>\n\n\n\n<li class='active'><a>30770<\/a><\/li>\n\n\n\n<li><a href='?page_no=30771'>30771<\/a><\/li>\n\n\n\n<li><a href='?page_no=30772'>30772<\/a><\/li>\n\n\n\n<li><a>...<\/a><\/li>\n\n\n\n<li><a href='?page_no=31963'>31963<\/a><\/li>\n\n\n\n<li><a href='?page_no=31964'>31964<\/a><\/li>\n\n    \n\t\n\n<li >\n\t<a href='?page_no=30771'>Next<\/a>\n\t<\/li>\n\n\n    \n\n<li><a href='?page_no=31964'>Last &rsaquo;&rsaquo;<\/a><\/li>\n\n<\/ul>\n\n\n--><br \/>\n<\/body><\/p>\n","protected":false},"excerpt":{"rendered":"<p>La decisi\u00f3n fue tomada a unanimidad, en homenaje al hombre que lleva 58 a\u00f1os como empleado de la alcald\u00eda de esta ciudad San Crist\u00f3bal.- El cabildo del municipio de San Crist\u00f3bal aprob\u00f3 hoy a unanimidad designar su Sala Capitular con el nombre de Lu\u00eds Enrique Perdomo Hidalgo, en homenaje en vida al empleado m\u00e1s viejo [&hellip;]<\/p>\n","protected":false},"author":3,"featured_media":0,"comment_status":"open","ping_status":"open","sticky":false,"template":"","format":"standard","meta":{"footnotes":""},"categories":[24],"tags":[],"class_list":["post-155602","post","type-post","status-publish","format-standard","hentry","category-justicia-y-derecho"],"_links":{"self":[{"href":"https:\/\/diariodominicano.com\/index.php?rest_route=\/wp\/v2\/posts\/155602","targetHints":{"allow":["GET"]}}],"collection":[{"href":"https:\/\/diariodominicano.com\/index.php?rest_route=\/wp\/v2\/posts"}],"about":[{"href":"https:\/\/diariodominicano.com\/index.php?rest_route=\/wp\/v2\/types\/post"}],"author":[{"embeddable":true,"href":"https:\/\/diariodominicano.com\/index.php?rest_route=\/wp\/v2\/users\/3"}],"replies":[{"embeddable":true,"href":"https:\/\/diariodominicano.com\/index.php?rest_route=%2Fwp%2Fv2%2Fcomments&post=155602"}],"version-history":[{"count":0,"href":"https:\/\/diariodominicano.com\/index.php?rest_route=\/wp\/v2\/posts\/155602\/revisions"}],"wp:attachment":[{"href":"https:\/\/diariodominicano.com\/index.php?rest_route=%2Fwp%2Fv2%2Fmedia&parent=155602"}],"wp:term":[{"taxonomy":"category","embeddable":true,"href":"https:\/\/diariodominicano.com\/index.php?rest_route=%2Fwp%2Fv2%2Fcategories&post=155602"},{"taxonomy":"post_tag","embeddable":true,"href":"https:\/\/diariodominicano.com\/index.php?rest_route=%2Fwp%2Fv2%2Ftags&post=155602"}],"curies":[{"name":"wp","href":"https:\/\/api.w.org\/{rel}","templated":true}]}}