{"id":155594,"date":"2010-10-30T12:47:55","date_gmt":"2010-10-30T12:47:55","guid":{"rendered":"http:\/\/diariodominicano.ddns.net\/?p=155594"},"modified":"2010-10-30T12:47:55","modified_gmt":"2010-10-30T12:47:55","slug":"vicente-noble-se-ha-convertido-en-una-colonia-de-haitianos-denuncia-el-alcalde-domingo-de-los-santos","status":"publish","type":"post","link":"https:\/\/diariodominicano.com\/?p=155594","title":{"rendered":"Vicente Noble se ha convertido en una colonia de haitianos, denuncia el Alcalde Domingo de los Santos"},"content":{"rendered":"<p><body><\/p>\n<p><img decoding=\"async\" src=\"http:\/\/localhost:8080\/justiciayderecho\/img3\/haitianos invasores.jpg\" \/>  <\/p>\n<\/p>\n<p><span class=\"text1noticias\">Por: Teuddy S\u00e1nchez.<\/span><\/p>\n<p><span class=\"text1noticias\"> <\/span><\/p>\n<p><span class=\"text1noticias\">Barahona, 30 Oct 2010.- Unos 20 mil indocumentados  haitianos han invadido la zona agr\u00edcola de  Vicente Noble en los \u00faltimos a\u00f1os, lo que ha generado preocupaci\u00f3n entre los residentes de ese municipio.<\/span><\/p>\n<p><span class=\"text1noticias\"> <\/span><\/p>\n<p><span class=\"text1noticias\">La opini\u00f3n es externada por el Alcalde de esa comunidad, Domingo de los Santos (Sav\u00edn),  quien dijo que los extranjeros viven trabajando en propiedades agr\u00edcola de la zona.<\/span><\/p>\n<p><span class=\"text1noticias\"> <\/span><\/p>\n<p><span class=\"text1noticias\">\u00abAlgunas personas de nosotros no podemos echar un d\u00eda de trabajo, entonces esos haitianos lo hacen con mucha facilidad?, dijo de los Santos en el programa \u00abAcci\u00f3n Ma\u00f1anera\u00bb, de Palma F.M.<\/span><\/p>\n<p><span class=\"text1noticias\"> <\/span><\/p>\n<p><span class=\"text1noticias\">El Alcalde dijo que los haitianos tienen mucha fuente de empleo en las labores agr\u00edcolas, por lo que han emigrado con mucha facilidad a esa zona y otras de la regi\u00f3n.<\/span><\/p>\n<p><span class=\"text1noticias\"> <\/span><\/p>\n<p><span class=\"text1noticias\">El s\u00edndico por el Partido de la Liberaci\u00f3n Dominicana (PLD), se\u00f1al\u00f3 que esos extranjeros reciben asistencia m\u00e9dica en los centros de salud de all\u00ed como si fuera cualquier dominicano.<\/span><\/p>\n<p><span class=\"text1noticias\"> <\/span><\/p>\n<p><span class=\"text1noticias\">\u00abCuando se muere uno hay que buscarle la caja y hasta el caf\u00e9 para el velatorio, y otros servicios mas, donde nosotros estamos obligados a d\u00e1rselo a ellos porque ya viven con nosotros\u00bb, subray\u00f3.<\/span><\/p>\n<p><span class=\"text1noticias\"> <\/span><\/p>\n<p><span class=\"text1noticias\">El ejecutivo municipal dijo que Vicente Noble es pr\u00e1cticamente una colonia de haitianos, por la gran cantidad, y porque los mismos hasta su familia han creado en esta zona.<\/span><\/p>\n<p><span class=\"text1noticias\"> <\/span><\/p>\n<p><span class=\"text1noticias\">De los Santos dijo que si en el hospital de Vicente Noble alumbran 70 mujeres en un mes, 50 son haitianas, y el resto dominicanos.<\/span><\/p>\n<p><span class=\"text1noticias\"> <\/span><\/p>\n<p><span class=\"text1noticias\">\u00abUsted va al parque de Vicente Noble los s\u00e1bados y los domingos, uno no encuentra donde sentarse, porque los bancos est\u00e1n ocupados por haitianos\u00bb, subray\u00f3.<\/span><\/p>\n<p><span class=\"text1noticias\"> <\/span><\/p>\n<p><span class=\"text1noticias\">Dijo que \u00e9l no puede hacer nada, ya que es al Departamento de Migraci\u00f3n y a la Gobernaci\u00f3n Provincial que le corresponde esta tarea, no a la Alcald\u00eda municipal, porque \u00e9l no tiene la fuerza para ejecutar esas acciones.<\/span><\/p>\n<h6> 2010-10-30 12:47:55 <\/h6>\n<p><!--\n<link rel=\"stylesheet\" href=\"css\/bootstrap.min.css\">\n\n\n<ul class=\"pagination\">\n\t    \n\t\n\n<li >\n\t<a href='?page_no=30761'>Previous<\/a>\n\t<\/li>\n\n\n       \n    \n\n<li><a href='?page_no=1'>1<\/a><\/li>\n\n\n\n<li><a href='?page_no=2'>2<\/a><\/li>\n\n\n\n<li><a>...<\/a><\/li>\n\n\n\n<li><a href='?page_no=30760'>30760<\/a><\/li>\n\n\n\n<li><a href='?page_no=30761'>30761<\/a><\/li>\n\n\n\n<li class='active'><a>30762<\/a><\/li>\n\n\n\n<li><a href='?page_no=30763'>30763<\/a><\/li>\n\n\n\n<li><a href='?page_no=30764'>30764<\/a><\/li>\n\n\n\n<li><a>...<\/a><\/li>\n\n\n\n<li><a href='?page_no=31963'>31963<\/a><\/li>\n\n\n\n<li><a href='?page_no=31964'>31964<\/a><\/li>\n\n    \n\t\n\n<li >\n\t<a href='?page_no=30763'>Next<\/a>\n\t<\/li>\n\n\n    \n\n<li><a href='?page_no=31964'>Last &rsaquo;&rsaquo;<\/a><\/li>\n\n<\/ul>\n\n\n--><br \/>\n<\/body><\/p>\n","protected":false},"excerpt":{"rendered":"<p>Por: Teuddy S\u00e1nchez. Barahona, 30 Oct 2010.- Unos 20 mil indocumentados haitianos han invadido la zona agr\u00edcola de Vicente Noble en los \u00faltimos a\u00f1os, lo que ha generado preocupaci\u00f3n entre los residentes de ese municipio. La opini\u00f3n es externada por el Alcalde de esa comunidad, Domingo de los Santos (Sav\u00edn), quien dijo que los extranjeros [&hellip;]<\/p>\n","protected":false},"author":3,"featured_media":0,"comment_status":"open","ping_status":"open","sticky":false,"template":"","format":"standard","meta":{"footnotes":""},"categories":[24],"tags":[],"class_list":["post-155594","post","type-post","status-publish","format-standard","hentry","category-justicia-y-derecho"],"_links":{"self":[{"href":"https:\/\/diariodominicano.com\/index.php?rest_route=\/wp\/v2\/posts\/155594","targetHints":{"allow":["GET"]}}],"collection":[{"href":"https:\/\/diariodominicano.com\/index.php?rest_route=\/wp\/v2\/posts"}],"about":[{"href":"https:\/\/diariodominicano.com\/index.php?rest_route=\/wp\/v2\/types\/post"}],"author":[{"embeddable":true,"href":"https:\/\/diariodominicano.com\/index.php?rest_route=\/wp\/v2\/users\/3"}],"replies":[{"embeddable":true,"href":"https:\/\/diariodominicano.com\/index.php?rest_route=%2Fwp%2Fv2%2Fcomments&post=155594"}],"version-history":[{"count":0,"href":"https:\/\/diariodominicano.com\/index.php?rest_route=\/wp\/v2\/posts\/155594\/revisions"}],"wp:attachment":[{"href":"https:\/\/diariodominicano.com\/index.php?rest_route=%2Fwp%2Fv2%2Fmedia&parent=155594"}],"wp:term":[{"taxonomy":"category","embeddable":true,"href":"https:\/\/diariodominicano.com\/index.php?rest_route=%2Fwp%2Fv2%2Fcategories&post=155594"},{"taxonomy":"post_tag","embeddable":true,"href":"https:\/\/diariodominicano.com\/index.php?rest_route=%2Fwp%2Fv2%2Ftags&post=155594"}],"curies":[{"name":"wp","href":"https:\/\/api.w.org\/{rel}","templated":true}]}}