{"id":155591,"date":"2010-10-30T16:17:12","date_gmt":"2010-10-30T16:17:12","guid":{"rendered":"http:\/\/diariodominicano.ddns.net\/?p=155591"},"modified":"2010-10-30T16:17:12","modified_gmt":"2010-10-30T16:17:12","slug":"policia-apresa-cinco-hombres-por-robo-de-camion-cargado-con-15-quintales-de-varilla-recupera-parte-de-la-mercancia","status":"publish","type":"post","link":"https:\/\/diariodominicano.com\/?p=155591","title":{"rendered":"Polic\u00eda apresa cinco hombres por robo de cami\u00f3n cargado con 15 quintales de varilla, recupera parte de la mercanc\u00eda"},"content":{"rendered":"<p><body><\/p>\n<p><img decoding=\"async\" src=\"http:\/\/localhost:8080\/justiciayderecho\/img3\/ladrones de varilla.JPG\" \/>  <\/p>\n<p><span class=\"text1noticias\"> <\/span><\/p>\n<p><span class=\"text1noticias\">Santo Domingo, 30 Oct 2010.- La Polic\u00eda apres\u00f3 ayer a cuatro hombres a los que acusa de robar un cami\u00f3n cargado con 15 toneladas de varilla de \u00bd y 3\/8 del parqueo de la compa\u00f1\u00eda Distribuidora Comercial FT, C por A, ubicada en el sector Los Cacicazgos, de esta capital, las cuales trasladaron hasta San Juan de la Maguana para venderla a un comerciante, que tambi\u00e9n fue detenido.<\/span><\/p>\n<\/p>\n<p><span class=\"text1noticias\"> La instituci\u00f3n del orden dijo que los detenidos son Elvis Ariel Moronta Pichardo, Elvin C\u00e9spedes Contreras, el comerciante AlfonsoVilaseca Suero y los haitianos Adonique Solis (Jhonny) y Pablo Pier, est\u00e9 \u00faltimo empleado del referido negocio, propiedad del se\u00f1or Francisco Antonio Tabar Bello, quien present\u00f3 la denuncia del robo el pasado 16 del presente mes.<\/span><\/p>\n<\/p>\n<p><span class=\"text1noticias\">La Polic\u00eda inform\u00f3 que tras ser presentada la denuncia inici\u00f3 las pesquisas de lugar, detectando que en la fecha del robo las c\u00e1maras de vigilancia del peaje de la avenida 6 de Noviembre captaron el momento cuando el cami\u00f3n Mack, modelo MS300P, azul, placa L035521, cargado de varilla cruz\u00f3 por el lugar.<\/span><\/p>\n<\/p>\n<p><span class=\"text1noticias\">Los investigadores pudieron observar que el conductor del referido cami\u00f3n era Moronta Pichardo, quien admiti\u00f3 haber participado en el caso en coordinaci\u00f3n con C\u00e9spedes Contreras y los haitianos Solis y Pier.<\/span><\/p>\n<\/p>\n<p><span class=\"text1noticias\">Agrega que las varillas fueron trasladadas hasta San Juan de la Maguana donde la vendieron en una construcci\u00f3n al se\u00f1or Vilaseca Suero por la suma de RD $312,000.00.<\/span><\/p>\n<\/p>\n<p><span class=\"text1noticias\">La Polic\u00eda precis\u00f3 que en poder de Moronta Pichardo se ocup\u00f3 un carro Honda Integra, rojo, placa A138424, un celular, mientras que a C\u00e9spedes Contreras le fue ocupado el cami\u00f3n Daihatsu, rojo, placa L176878, un celular, una tarjeta de una instituci\u00f3n bancaria, conteniendo seg\u00fan sus declaraciones RD$99,600.00, parte del dinero producto del robo.<\/span><\/p>\n<\/p>\n<p><span class=\"text1noticias\">Tambi\u00e9n se le ocup\u00f3 dos licencias de porte y tenencias de armas de fuego perteneciente a una pistola de su propiedad.<\/span><\/p>\n<\/p>\n<p><span class=\"text1noticias\">Mientras que en poder del comerciante Vilaseca Suero se ocup\u00f3 dos quintales de varilla de 3\/8.<\/span><\/p>\n<\/p>\n<p><span class=\"text1noticias\">En tanto que a los dem\u00e1s detenidos se les ocup\u00f3 una motocicleta, la cual fue utilizada para ubicar el cami\u00f3n cargado de varilla.<\/span><\/p>\n<\/p>\n<p><span class=\"text1noticias\">Los detenidos y lo ocupado est\u00e1n siendo puestos a disposici\u00f3n de la justicia, para que se les conozca medidas de coerci\u00f3n.<\/span><\/p>\n<\/p>\n<p><span class=\"text1noticias\">Mientras que se activa la localizaci\u00f3n de un hombre identificado s\u00f3lo como Abraham.<\/span><\/p>\n<h6> 2010-10-30 16:17:12 <\/h6>\n<p><!--\n<link rel=\"stylesheet\" href=\"css\/bootstrap.min.css\">\n\n\n<ul class=\"pagination\">\n\t    \n\t\n\n<li >\n\t<a href='?page_no=30758'>Previous<\/a>\n\t<\/li>\n\n\n       \n    \n\n<li><a href='?page_no=1'>1<\/a><\/li>\n\n\n\n<li><a href='?page_no=2'>2<\/a><\/li>\n\n\n\n<li><a>...<\/a><\/li>\n\n\n\n<li><a href='?page_no=30757'>30757<\/a><\/li>\n\n\n\n<li><a href='?page_no=30758'>30758<\/a><\/li>\n\n\n\n<li class='active'><a>30759<\/a><\/li>\n\n\n\n<li><a href='?page_no=30760'>30760<\/a><\/li>\n\n\n\n<li><a href='?page_no=30761'>30761<\/a><\/li>\n\n\n\n<li><a>...<\/a><\/li>\n\n\n\n<li><a href='?page_no=31963'>31963<\/a><\/li>\n\n\n\n<li><a href='?page_no=31964'>31964<\/a><\/li>\n\n    \n\t\n\n<li >\n\t<a href='?page_no=30760'>Next<\/a>\n\t<\/li>\n\n\n    \n\n<li><a href='?page_no=31964'>Last &rsaquo;&rsaquo;<\/a><\/li>\n\n<\/ul>\n\n\n--><br \/>\n<\/body><\/p>\n","protected":false},"excerpt":{"rendered":"<p>Santo Domingo, 30 Oct 2010.- La Polic\u00eda apres\u00f3 ayer a cuatro hombres a los que acusa de robar un cami\u00f3n cargado con 15 toneladas de varilla de \u00bd y 3\/8 del parqueo de la compa\u00f1\u00eda Distribuidora Comercial FT, C por A, ubicada en el sector Los Cacicazgos, de esta capital, las cuales trasladaron hasta San [&hellip;]<\/p>\n","protected":false},"author":3,"featured_media":0,"comment_status":"open","ping_status":"open","sticky":false,"template":"","format":"standard","meta":{"footnotes":""},"categories":[24],"tags":[],"class_list":["post-155591","post","type-post","status-publish","format-standard","hentry","category-justicia-y-derecho"],"_links":{"self":[{"href":"https:\/\/diariodominicano.com\/index.php?rest_route=\/wp\/v2\/posts\/155591","targetHints":{"allow":["GET"]}}],"collection":[{"href":"https:\/\/diariodominicano.com\/index.php?rest_route=\/wp\/v2\/posts"}],"about":[{"href":"https:\/\/diariodominicano.com\/index.php?rest_route=\/wp\/v2\/types\/post"}],"author":[{"embeddable":true,"href":"https:\/\/diariodominicano.com\/index.php?rest_route=\/wp\/v2\/users\/3"}],"replies":[{"embeddable":true,"href":"https:\/\/diariodominicano.com\/index.php?rest_route=%2Fwp%2Fv2%2Fcomments&post=155591"}],"version-history":[{"count":0,"href":"https:\/\/diariodominicano.com\/index.php?rest_route=\/wp\/v2\/posts\/155591\/revisions"}],"wp:attachment":[{"href":"https:\/\/diariodominicano.com\/index.php?rest_route=%2Fwp%2Fv2%2Fmedia&parent=155591"}],"wp:term":[{"taxonomy":"category","embeddable":true,"href":"https:\/\/diariodominicano.com\/index.php?rest_route=%2Fwp%2Fv2%2Fcategories&post=155591"},{"taxonomy":"post_tag","embeddable":true,"href":"https:\/\/diariodominicano.com\/index.php?rest_route=%2Fwp%2Fv2%2Ftags&post=155591"}],"curies":[{"name":"wp","href":"https:\/\/api.w.org\/{rel}","templated":true}]}}