{"id":155582,"date":"2010-10-31T17:51:28","date_gmt":"2010-10-31T17:51:28","guid":{"rendered":"http:\/\/diariodominicano.ddns.net\/?p=155582"},"modified":"2010-10-31T17:51:28","modified_gmt":"2010-10-31T17:51:28","slug":"jefe-pn-garantiza-atrapara-asesinos-de-ingeniero","status":"publish","type":"post","link":"https:\/\/diariodominicano.com\/?p=155582","title":{"rendered":"Jefe PN garantiza atrapar\u00e1 asesinos de ingeniero"},"content":{"rendered":"<p><body><\/p>\n<p><img decoding=\"async\" src=\"http:\/\/localhost:8080\/justiciayderecho\/img3\/jefe pn invivienda.JPG\" \/>  <\/p>\n<p><span class=\"text1noticias\">INVIVIENDA, SANTO DOMINGO ESTE.- El jefe de la Polic\u00eda, mayor general Jos\u00e9 Polanco G\u00f3mez, revel\u00f3 que esa instituci\u00f3n tiene indicios que conducen a aclarar el asesinato del ingeniero Rafael Humberto P\u00e9rez Savi\u00f1\u00f3n, emboscado ayer cuando llegaba al parqueo de su apartamento en el Ensanche Naco.<\/span><\/p>\n<\/p>\n<p><span class=\"text1noticias\">Empero, aunque el jefe de Polic\u00eda garantiz\u00f3 que los asesinos del constructor ser\u00e1n atrapados, declin\u00f3 precisar si la investigaci\u00f3n muestra una vinculaci\u00f3n con el crimen organizado.<\/span><\/p>\n<\/p>\n<p><span class=\"text1noticias\">P\u00e9rez Savi\u00f1\u00f3n, de 79 a\u00f1os, y quien presid\u00eda su propia firma constructora, fue asesinado en el mismo lugar y hora que lo fue su hijo el 24 de diciembre del a\u00f1o 2009, es decir, el pasado D\u00eda de Nochebuena.<\/span><\/p>\n<\/p>\n<p><span class=\"text1noticias\">En esa fecha, se produjo otro atentado que estremeci\u00f3 la ocasi\u00f3n de tradicional reuni\u00f3n familiar, el asesinato del coronel retirado Amado Gonz\u00e1lez Gonz\u00e1lez, vinculado a la red del convicto puertorrique\u00f1o Jos\u00e9 Figueroa Agosto.<\/span><\/p>\n<\/p>\n<p><span class=\"text1noticias\">P\u00e9rez Savi\u00f1\u00f3n fue ejecutado por dos sujetos que esperaron cerca del estacionamiento del edificio donde viv\u00eda. Antes de desmontarse de su todoterreno le encajaron dos balazos a trav\u00e9s de la ventanilla del conductor y huyeron de inmediato.<\/span><\/p>\n<\/p>\n<p><span class=\"text1noticias\">En tanto, en el asesinato de su hijo, V\u00edctor P\u00e9rez Duverg\u00e9, hab\u00edan participado directamente tres individuos, seg\u00fan los informes.<\/span><\/p>\n<\/p>\n<p><span class=\"text1noticias\">El mayor general Polanco G\u00f3mez, se reuni\u00f3 este mediod\u00eda con el director de Departamento Santo Domingo Este de la Polic\u00eda, coronel Ludwig Suard\u00ed, y con el fiscal adjunto adscrito a esa dependencia, H\u00e9ctor Garc\u00eda Cuevas.<\/span><\/p>\n<\/p>\n<p><span class=\"text1noticias\">Sobre el caso de Gisell Reyes D\u00edaz, Polanco G\u00f3mez estableci\u00f3 que no hay ninguna duda de que la bala que mat\u00f3 a la fiscal adjunta, fue disparada por el apresado Sargento Luciano Familia, pero que la Polic\u00eda no adelantar\u00e1 criterios en torno a si hubo intenci\u00f3n criminal, sino que esto lo determinar\u00e1 la Justicia.<\/span><\/p>\n<\/p>\n<p><span class=\"text1noticias\">Explic\u00f3 que la investigaci\u00f3n est\u00e1 en marcha a\u00fan, pero se ha comprobado que ciertamente se verific\u00f3 un intento de atraco por parte de dos j\u00f3venes que est\u00e1n presos, y que el suboficial dispar\u00f3 para repelerlos.<\/span><\/p>\n<\/p>\n<p><span class=\"text1noticias\">La magistrada Reyes D\u00edaz cay\u00f3 victima de un balazo en la espalda, cuando regresaba a su casa junto al sargento Luciano Familia, despu\u00e9s de comprar dos pizzas en las cercan\u00edas del residencial Eugenio Mar\u00eda de Hostos, ubicado cerca de Invivienda.<\/span><\/p>\n<\/p>\n<p><span class=\"text1noticias\">Con relaci\u00f3n al auge de la criminalidad que se observa en Invivienda, Los Trinitario, Urbanizaci\u00f3n Bello Campo y otros sectores de Santo Domingo Este, Polanco G\u00f3mez resalt\u00f3 que esto motiv\u00f3 su reuni\u00f3n con autoridades locales de la Polic\u00eda y del Ministerio P\u00fablico.<\/span><\/p>\n<\/p>\n<p><span class=\"text1noticias\">En ese orden, adelant\u00f3 que en las pr\u00f3ximas horas, la Polic\u00eda y la fiscal\u00eda tomar\u00e1n medidas de contingencia para enfrentar las manifestaciones delictivas en la zona.<\/span><\/p>\n<\/p>\n<h6> 2010-10-31 17:51:28 <\/h6>\n<p><!--\n<link rel=\"stylesheet\" href=\"css\/bootstrap.min.css\">\n\n\n<ul class=\"pagination\">\n\t    \n\t\n\n<li >\n\t<a href='?page_no=30749'>Previous<\/a>\n\t<\/li>\n\n\n       \n    \n\n<li><a href='?page_no=1'>1<\/a><\/li>\n\n\n\n<li><a href='?page_no=2'>2<\/a><\/li>\n\n\n\n<li><a>...<\/a><\/li>\n\n\n\n<li><a href='?page_no=30748'>30748<\/a><\/li>\n\n\n\n<li><a href='?page_no=30749'>30749<\/a><\/li>\n\n\n\n<li class='active'><a>30750<\/a><\/li>\n\n\n\n<li><a href='?page_no=30751'>30751<\/a><\/li>\n\n\n\n<li><a href='?page_no=30752'>30752<\/a><\/li>\n\n\n\n<li><a>...<\/a><\/li>\n\n\n\n<li><a href='?page_no=31963'>31963<\/a><\/li>\n\n\n\n<li><a href='?page_no=31964'>31964<\/a><\/li>\n\n    \n\t\n\n<li >\n\t<a href='?page_no=30751'>Next<\/a>\n\t<\/li>\n\n\n    \n\n<li><a href='?page_no=31964'>Last &rsaquo;&rsaquo;<\/a><\/li>\n\n<\/ul>\n\n\n--><br \/>\n<\/body><\/p>\n","protected":false},"excerpt":{"rendered":"<p>INVIVIENDA, SANTO DOMINGO ESTE.- El jefe de la Polic\u00eda, mayor general Jos\u00e9 Polanco G\u00f3mez, revel\u00f3 que esa instituci\u00f3n tiene indicios que conducen a aclarar el asesinato del ingeniero Rafael Humberto P\u00e9rez Savi\u00f1\u00f3n, emboscado ayer cuando llegaba al parqueo de su apartamento en el Ensanche Naco. Empero, aunque el jefe de Polic\u00eda garantiz\u00f3 que los asesinos [&hellip;]<\/p>\n","protected":false},"author":3,"featured_media":0,"comment_status":"open","ping_status":"open","sticky":false,"template":"","format":"standard","meta":{"footnotes":""},"categories":[24],"tags":[],"class_list":["post-155582","post","type-post","status-publish","format-standard","hentry","category-justicia-y-derecho"],"_links":{"self":[{"href":"https:\/\/diariodominicano.com\/index.php?rest_route=\/wp\/v2\/posts\/155582","targetHints":{"allow":["GET"]}}],"collection":[{"href":"https:\/\/diariodominicano.com\/index.php?rest_route=\/wp\/v2\/posts"}],"about":[{"href":"https:\/\/diariodominicano.com\/index.php?rest_route=\/wp\/v2\/types\/post"}],"author":[{"embeddable":true,"href":"https:\/\/diariodominicano.com\/index.php?rest_route=\/wp\/v2\/users\/3"}],"replies":[{"embeddable":true,"href":"https:\/\/diariodominicano.com\/index.php?rest_route=%2Fwp%2Fv2%2Fcomments&post=155582"}],"version-history":[{"count":0,"href":"https:\/\/diariodominicano.com\/index.php?rest_route=\/wp\/v2\/posts\/155582\/revisions"}],"wp:attachment":[{"href":"https:\/\/diariodominicano.com\/index.php?rest_route=%2Fwp%2Fv2%2Fmedia&parent=155582"}],"wp:term":[{"taxonomy":"category","embeddable":true,"href":"https:\/\/diariodominicano.com\/index.php?rest_route=%2Fwp%2Fv2%2Fcategories&post=155582"},{"taxonomy":"post_tag","embeddable":true,"href":"https:\/\/diariodominicano.com\/index.php?rest_route=%2Fwp%2Fv2%2Ftags&post=155582"}],"curies":[{"name":"wp","href":"https:\/\/api.w.org\/{rel}","templated":true}]}}