{"id":155572,"date":"2010-11-01T20:19:34","date_gmt":"2010-11-01T20:19:34","guid":{"rendered":"http:\/\/diariodominicano.ddns.net\/?p=155572"},"modified":"2010-11-01T20:19:34","modified_gmt":"2010-11-01T20:19:34","slug":"mision-de-fmi-afirma-economia-dominicana-esta-en-plena-expansion-y-estima-moderado-nivel-de-deuda-publica","status":"publish","type":"post","link":"https:\/\/diariodominicano.com\/?p=155572","title":{"rendered":"Misi\u00f3n de FMI afirma econom\u00eda dominicana esta en plena expansi\u00f3n y estima moderado nivel de deuda p\u00fablica"},"content":{"rendered":"<p><body><\/p>\n<p><img decoding=\"async\" src=\"http:\/\/localhost:8080\/justiciayderecho\/img3\/representante fmi.JPG\" \/>  <\/p>\n<\/p>\n<p><span class=\"text1noticias\">Santo Domingo.- La misi\u00f3n del Fondo Monetario Internacional (FMI) que hace la cuarta revisi\u00f3n al acuerdo stand-by firmado con ese organismo declar\u00f3 este lunes que la econom\u00eda dominicana se ha recuperado y est\u00e1 en \u00abplena expansi\u00f3n\u00bb, al tiempo que defini\u00f3 den ?moderado? el nivel de deuda p\u00fablica que tiene el pa\u00eds.<\/span><\/p>\n<\/p>\n<p><span class=\"text1noticias\">Alejandro Santos hizo esta declaraci\u00f3n ante periodistas al t\u00e9rmino de una reuni\u00f3n de los comisionados con el ministro de Econom\u00eda, Planificaci\u00f3n y Desarrollo, Tem\u00edstocles Mont\u00e1s, a quien visitaron en su despacho del Palacio Nacional.<\/span><\/p>\n<\/p>\n<p><span class=\"text1noticias\">Los dem\u00e1s integrantes de la misi\u00f3n son Mario Dehesa-D\u00e1vila, nuevo representante residente del FMI en el pa\u00eds; Juliana Dutra Araujo, Ali Richi y Raphael Espinoza. Junto al Ministro Mont\u00e1s estuvieron los asesores del Ministerio de Econom\u00eda, Planificaci\u00f3n y desarrollo, Magdalena Lizardo, Luis Reyes y Ram\u00f3n Tarrag\u00f3.<\/span><\/p>\n<\/p>\n<p><span class=\"text1noticias\">Santos, jefe de esa misi\u00f3n, manifest\u00f3 que el FMI ve con benepl\u00e1cito un repunte en la actividad econ\u00f3mica, en un ambiente donde se ha logrado mantener la coherencia macroecon\u00f3mica, un nivel de inflaci\u00f3n bastante bajo, inferior a la expectativa del Banco Central, y el que se siguen implementando las reformas, y c\u00f3mo ha evolucionado el d\u00e9ficit del sector p\u00fablico.<\/span><\/p>\n<\/p>\n<p><span class=\"text1noticias\">Explic\u00f3 que, visto el tema bajo el par\u00e1metro del contexto internacional y regional,  ?uno dir\u00eda que el nivel de endeudamiento de Rep\u00fablica Dominicana es moderado, pues en la regi\u00f3n se observan niveles de endeudamiento mucho m\u00e1s elevados?, y cit\u00f3 los casos de Jamaica y otras islas del entorno con niveles de endeudamiento superiores al 80% del PIB.<\/span><\/p>\n<\/p>\n<p><span class=\"text1noticias\">As\u00ed respondi\u00f3 el miembro de la misi\u00f3n del FMI a una pregunta sobre la preocupaci\u00f3n de la sociedad civil respecto al endeudamiento, preocupaci\u00f3n que consider\u00f3 saludable, pero que debe ser puesto en el contexto internacional y regional.<\/span><\/p>\n<\/p>\n<p><span class=\"text1noticias\">\u00abAqu\u00ed estamos hablando de un nivel de endeudamiento de alrededor de 35 por ciento del PIB. Cabe mencionar que ha sido moderado, lo que ha podido hacer que las autoridades pudiesen aspirar a tener una pol\u00edtica fiscal expansiva, que fue lo que se hizo a finales del a\u00f1o pasado y en la primera mitad de este a\u00f1o, y lo que ha hecho que una econom\u00eda muy d\u00e9bil en el 2009 se haya podido recuperar y est\u00e9 en plena expansi\u00f3n\u00bb, agreg\u00f3.<\/span><\/p>\n<\/p>\n<p><span class=\"text1noticias\">Previ\u00f3 sin embargo que esa pol\u00edtica fiscal aplicada el a\u00f1o pasado tendr\u00e1 que ser recuperada de manera muy gradual para volver a aplicarla en el futuro, en caso de que fuere necesario, ?y esa es la discusi\u00f3n que tenemos ahora?.<\/span><\/p>\n<\/p>\n<p><span class=\"text1noticias\">Record\u00f3 que en el programa stand-by se prev\u00e9 un super\u00e1vit primario de 2% del PIB y la proyecci\u00f3n del 1% en 2011 y del 2% del PIB para 2012.<\/span><\/p>\n<\/p>\n<p><span class=\"text1noticias\">\u00abCon ese nivel de super\u00e1vit primario, el nivel de endeudamiento p\u00fablico como proporci\u00f3n del PIB ir\u00e1 cayendo paulatinamente, de manera que hoy por hoy tenemos un endeudamiento moderado, y un programa que, de manera coherente, hace que ese nivel de endeudamiento caiga de manera paulatina y gradual\u00bb, coment\u00f3. <\/span><\/p>\n<\/p>\n<p><span class=\"text1noticias\">El ministro Mont\u00e1s que en esta cuarta revisi\u00f3n pas\u00f3 revista con los comisionados al programa desde finales del a\u00f1o pasado, a la situaci\u00f3n econ\u00f3mica del pa\u00eds, y sobre todo a las derivaciones que pudiera tener aqu\u00ed la situaci\u00f3n internacional.<\/span><\/p>\n<\/p>\n<p><span class=\"text1noticias\">Inform\u00f3 que el objetivo de la reuni\u00f3n es enterarlo de cualquier sugerencia que surja para mantener encarrillado el programa y comunicarlo al presidente Leonel Fern\u00e1ndez, quien tiene el compromiso de mantener el programa como requisito para que persista la estabilidad econ\u00f3mica.<\/span><\/p>\n<\/p>\n<p><span class=\"text1noticias\">Santos, aclar\u00f3 al responder a otra pregunta que debido a que te\u00f3ricamente no existe un tope de endeudamiento predeterminado que la realidad de cada pa\u00eds, no ser\u00eda aconsejable un mayor nivel de endeudamiento, ir m\u00e1s all\u00e1 de lo que se ha hecho.<\/span><\/p>\n<\/p>\n<p><span class=\"text1noticias\">Enjuici\u00f3 que el pa\u00eds se ha endeudado de manera bastante  inteligente, porque ha sido un monto que estim\u00f3 muy peque\u00f1o, cuando el impulso fiscal el a\u00f1o pasado y principios de este fue quiz\u00e1 del 1% del PIB, \u00aby la econom\u00eda ha podido recuperarse de manera sorprendente\u00bb.<\/span><\/p>\n<\/p>\n<p><span class=\"text1noticias\">A mediados de 2009 record\u00f3 que crecimiento econ\u00f3mico oscilaba entre 1 y 1.5% y tasa de crecimiento de 7,5, resultado de una pol\u00edtica que valor\u00f3 muy efectiva, por lo que insisti\u00f3 en que ese espacio debe ser recuperado para el futuro.<\/span><\/p>\n<\/p>\n<p><span class=\"text1noticias\">Cuando se le pregunt\u00f3 si para eliminar el d\u00e9ficit fiscal el Fondo Monetario insistir\u00eda en que los impuestos sean aumentados, respondi\u00f3 que el Gobierno precisamente se esfuerza en aumentar las recaudaciones, que se revela en la estructura del programa, que preve\u00eda un incremento en las recaudaciones y una reducci\u00f3n en los gastos. <\/span><\/p>\n<\/p>\n<p><span class=\"text1noticias\">En las recaudaciones se pensaba que era importante racionalizar las exoneraciones, mejorar la administraci\u00f3n tributaria y, del lado de los gastos, racionalizar el subsidio indiscriminado a la electricidad.<\/span><\/p>\n<\/p>\n<p><span class=\"text1noticias\">El FMI, como parte de las revisiones anteriores aprobadas, ha desembolsado al 22 alrededor de US$250 millones de los US$1,700 millones programados que ser\u00e1n desembolsados con la aprobaci\u00f3n de cada revisi\u00f3n trimestral.<\/span><\/p>\n<\/p>\n<p><span class=\"text1noticias\">Respecto al sector el\u00e9ctrico Santos valor\u00f3 que ha habido cambios importantes que mejoran la administraci\u00f3n del sector, aunque desafortunadamente, dijo, \u00ablos resultados financieros no han sido los que uno esperar\u00eda\u00bb.<\/span><\/p>\n<p><span class=\"text1noticias\">\t <\/span><\/p>\n<h6> 2010-11-01 20:19:34 <\/h6>\n<p><!--\n<link rel=\"stylesheet\" href=\"css\/bootstrap.min.css\">\n\n\n<ul class=\"pagination\">\n\t    \n\t\n\n<li >\n\t<a href='?page_no=30739'>Previous<\/a>\n\t<\/li>\n\n\n       \n    \n\n<li><a href='?page_no=1'>1<\/a><\/li>\n\n\n\n<li><a href='?page_no=2'>2<\/a><\/li>\n\n\n\n<li><a>...<\/a><\/li>\n\n\n\n<li><a href='?page_no=30738'>30738<\/a><\/li>\n\n\n\n<li><a href='?page_no=30739'>30739<\/a><\/li>\n\n\n\n<li class='active'><a>30740<\/a><\/li>\n\n\n\n<li><a href='?page_no=30741'>30741<\/a><\/li>\n\n\n\n<li><a href='?page_no=30742'>30742<\/a><\/li>\n\n\n\n<li><a>...<\/a><\/li>\n\n\n\n<li><a href='?page_no=31963'>31963<\/a><\/li>\n\n\n\n<li><a href='?page_no=31964'>31964<\/a><\/li>\n\n    \n\t\n\n<li >\n\t<a href='?page_no=30741'>Next<\/a>\n\t<\/li>\n\n\n    \n\n<li><a href='?page_no=31964'>Last &rsaquo;&rsaquo;<\/a><\/li>\n\n<\/ul>\n\n\n--><br \/>\n<\/body><\/p>\n","protected":false},"excerpt":{"rendered":"<p>Santo Domingo.- La misi\u00f3n del Fondo Monetario Internacional (FMI) que hace la cuarta revisi\u00f3n al acuerdo stand-by firmado con ese organismo declar\u00f3 este lunes que la econom\u00eda dominicana se ha recuperado y est\u00e1 en \u00abplena expansi\u00f3n\u00bb, al tiempo que defini\u00f3 den ?moderado? el nivel de deuda p\u00fablica que tiene el pa\u00eds. Alejandro Santos hizo esta [&hellip;]<\/p>\n","protected":false},"author":3,"featured_media":0,"comment_status":"open","ping_status":"open","sticky":false,"template":"","format":"standard","meta":{"footnotes":""},"categories":[24],"tags":[],"class_list":["post-155572","post","type-post","status-publish","format-standard","hentry","category-justicia-y-derecho"],"_links":{"self":[{"href":"https:\/\/diariodominicano.com\/index.php?rest_route=\/wp\/v2\/posts\/155572","targetHints":{"allow":["GET"]}}],"collection":[{"href":"https:\/\/diariodominicano.com\/index.php?rest_route=\/wp\/v2\/posts"}],"about":[{"href":"https:\/\/diariodominicano.com\/index.php?rest_route=\/wp\/v2\/types\/post"}],"author":[{"embeddable":true,"href":"https:\/\/diariodominicano.com\/index.php?rest_route=\/wp\/v2\/users\/3"}],"replies":[{"embeddable":true,"href":"https:\/\/diariodominicano.com\/index.php?rest_route=%2Fwp%2Fv2%2Fcomments&post=155572"}],"version-history":[{"count":0,"href":"https:\/\/diariodominicano.com\/index.php?rest_route=\/wp\/v2\/posts\/155572\/revisions"}],"wp:attachment":[{"href":"https:\/\/diariodominicano.com\/index.php?rest_route=%2Fwp%2Fv2%2Fmedia&parent=155572"}],"wp:term":[{"taxonomy":"category","embeddable":true,"href":"https:\/\/diariodominicano.com\/index.php?rest_route=%2Fwp%2Fv2%2Fcategories&post=155572"},{"taxonomy":"post_tag","embeddable":true,"href":"https:\/\/diariodominicano.com\/index.php?rest_route=%2Fwp%2Fv2%2Ftags&post=155572"}],"curies":[{"name":"wp","href":"https:\/\/api.w.org\/{rel}","templated":true}]}}