{"id":155568,"date":"2010-11-01T21:10:44","date_gmt":"2010-11-01T21:10:44","guid":{"rendered":"http:\/\/diariodominicano.ddns.net\/?p=155568"},"modified":"2010-11-01T21:10:44","modified_gmt":"2010-11-01T21:10:44","slug":"sistema-penitenciario-necesita-350-carceles","status":"publish","type":"post","link":"https:\/\/diariodominicano.com\/?p=155568","title":{"rendered":"Sistema penitenciario necesita 350 c\u00e1rceles"},"content":{"rendered":"<p><body><\/p>\n<\/p>\n<p><span class=\"text1noticias\">Santo Domingo.-El director de Prisiones consider\u00f3 que  el  sistema penitenciario dominicano necesita unas 350 c\u00e1rceles. <\/span><\/p>\n<\/p>\n<p><span class=\"text1noticias\">Manuel de Jes\u00fas P\u00e9rez S\u00e1nchez indic\u00f3 que la cantidad posibilitar\u00eda una buena distribuci\u00f3n y clasificaci\u00f3n de los reclusos. Sin embargo, en la actualidad, el pa\u00eds solo cuenta con 36 penales.<\/span><\/p>\n<\/p>\n<p><span class=\"text1noticias\">De esas 36 prisiones, 23 corresponden al viejo modelo penitenciario y solo 13 al nuevo.<\/span><\/p>\n<\/p>\n<p><span class=\"text1noticias\">Explic\u00f3 que 10 de estos centros estar\u00edan distribuidos en cada uno de los 35 distritos judiciales que tiene el pa\u00eds.<\/span><\/p>\n<\/p>\n<p><span class=\"text1noticias\">De acuerdo a una nota de la Direcci\u00f3n Nacional de Prisiones, P\u00e9rez S\u00e1nchez se refiri\u00f3 al tema al dictar una conferencia sobre el Modelo Penitenciario en Bonao.<\/span><\/p>\n<\/p>\n<p><span class=\"text1noticias\">Durante el evento, m\u00e1s de un centenar de personas, congregadas en el anfiteatro de la Universidad Aut\u00f3noma de Santo Domingo , solicitaron al Director de Prisiones la construcci\u00f3n<\/span><\/p>\n<h6> 2010-11-01 21:10:44 <\/h6>\n<p><!--\n<link rel=\"stylesheet\" href=\"css\/bootstrap.min.css\">\n\n\n<ul class=\"pagination\">\n\t    \n\t\n\n<li >\n\t<a href='?page_no=30735'>Previous<\/a>\n\t<\/li>\n\n\n       \n    \n\n<li><a href='?page_no=1'>1<\/a><\/li>\n\n\n\n<li><a href='?page_no=2'>2<\/a><\/li>\n\n\n\n<li><a>...<\/a><\/li>\n\n\n\n<li><a href='?page_no=30734'>30734<\/a><\/li>\n\n\n\n<li><a href='?page_no=30735'>30735<\/a><\/li>\n\n\n\n<li class='active'><a>30736<\/a><\/li>\n\n\n\n<li><a href='?page_no=30737'>30737<\/a><\/li>\n\n\n\n<li><a href='?page_no=30738'>30738<\/a><\/li>\n\n\n\n<li><a>...<\/a><\/li>\n\n\n\n<li><a href='?page_no=31963'>31963<\/a><\/li>\n\n\n\n<li><a href='?page_no=31964'>31964<\/a><\/li>\n\n    \n\t\n\n<li >\n\t<a href='?page_no=30737'>Next<\/a>\n\t<\/li>\n\n\n    \n\n<li><a href='?page_no=31964'>Last &rsaquo;&rsaquo;<\/a><\/li>\n\n<\/ul>\n\n\n--><br \/>\n<\/body><\/p>\n","protected":false},"excerpt":{"rendered":"<p>Santo Domingo.-El director de Prisiones consider\u00f3 que el sistema penitenciario dominicano necesita unas 350 c\u00e1rceles. Manuel de Jes\u00fas P\u00e9rez S\u00e1nchez indic\u00f3 que la cantidad posibilitar\u00eda una buena distribuci\u00f3n y clasificaci\u00f3n de los reclusos. Sin embargo, en la actualidad, el pa\u00eds solo cuenta con 36 penales. De esas 36 prisiones, 23 corresponden al viejo modelo penitenciario [&hellip;]<\/p>\n","protected":false},"author":3,"featured_media":0,"comment_status":"open","ping_status":"open","sticky":false,"template":"","format":"standard","meta":{"footnotes":""},"categories":[24],"tags":[],"class_list":["post-155568","post","type-post","status-publish","format-standard","hentry","category-justicia-y-derecho"],"_links":{"self":[{"href":"https:\/\/diariodominicano.com\/index.php?rest_route=\/wp\/v2\/posts\/155568","targetHints":{"allow":["GET"]}}],"collection":[{"href":"https:\/\/diariodominicano.com\/index.php?rest_route=\/wp\/v2\/posts"}],"about":[{"href":"https:\/\/diariodominicano.com\/index.php?rest_route=\/wp\/v2\/types\/post"}],"author":[{"embeddable":true,"href":"https:\/\/diariodominicano.com\/index.php?rest_route=\/wp\/v2\/users\/3"}],"replies":[{"embeddable":true,"href":"https:\/\/diariodominicano.com\/index.php?rest_route=%2Fwp%2Fv2%2Fcomments&post=155568"}],"version-history":[{"count":0,"href":"https:\/\/diariodominicano.com\/index.php?rest_route=\/wp\/v2\/posts\/155568\/revisions"}],"wp:attachment":[{"href":"https:\/\/diariodominicano.com\/index.php?rest_route=%2Fwp%2Fv2%2Fmedia&parent=155568"}],"wp:term":[{"taxonomy":"category","embeddable":true,"href":"https:\/\/diariodominicano.com\/index.php?rest_route=%2Fwp%2Fv2%2Fcategories&post=155568"},{"taxonomy":"post_tag","embeddable":true,"href":"https:\/\/diariodominicano.com\/index.php?rest_route=%2Fwp%2Fv2%2Ftags&post=155568"}],"curies":[{"name":"wp","href":"https:\/\/api.w.org\/{rel}","templated":true}]}}