{"id":155567,"date":"2010-11-01T21:18:35","date_gmt":"2010-11-01T21:18:35","guid":{"rendered":"http:\/\/diariodominicano.ddns.net\/?p=155567"},"modified":"2010-11-01T21:18:35","modified_gmt":"2010-11-01T21:18:35","slug":"cdeee-prepara-plan-contingencia-por-tormenta-tomas","status":"publish","type":"post","link":"https:\/\/diariodominicano.com\/?p=155567","title":{"rendered":"CDEEE prepara plan contingencia por tormenta Tomas"},"content":{"rendered":"<p><body><\/p>\n<\/p>\n<p><span class=\"text1noticias\">Santo Domingo.-La Corporaci\u00f3n Dominicana de Empresas El\u00e9ctricas Estatales (CDEEE) coordina el plan de contingencia del sector energ\u00e9tico, ante el inminente paso de la tormenta tropical Tomas.<\/span><\/p>\n<\/p>\n<p><span class=\"text1noticias\">El vicepresidente ejecutivo de la CDEEE, Celso Marranzini, se reuni\u00f3 para esos fines con representantes de las empresas de generaci\u00f3n AES Dominicana, Ege-Haina, Seaboard, CPP y CESPM, quienes han tomado las medidas necesarias para mantener el suministro de energ\u00eda al Sistema El\u00e9ctrico Nacional Interconectado (SENI) sin mayores dificultades.<\/span><\/p>\n<\/p>\n<p><span class=\"text1noticias\">Participaron  en la reuni\u00f3n, representantes de la Empresa de Generaci\u00f3n Hidroel\u00e9ctrica Dominicana (EGEHID), encabezados por su administrador V\u00edctor Ventura, quien inform\u00f3 que desde el pasado viernes, los embalses de las presas entraron en un proceso de desag\u00fce para mantenerlos a niveles seguros frente a las lluvias que se derivar\u00e1n del fen\u00f3meno atmosf\u00e9rico.<\/span><\/p>\n<\/p>\n<p><span class=\"text1noticias\">Adem\u00e1s, estuvo presente Juli\u00e1n Santana Araujo, administrador de la Empresa de Transmisi\u00f3n El\u00e9ctrica Dominicana (ETED), quien coordin\u00f3 acciones con las empresas generadoras para el manejo adecuado de las l\u00edneas de alta tensi\u00f3n en caso de imprevistos.<\/span><\/p>\n<\/p>\n<p><span class=\"text1noticias\">Previo a la  reuni\u00f3n con los generadores, las empresas de transmisi\u00f3n y de generaci\u00f3n hidroel\u00e9ctrica, Marranzini tambi\u00e9n se reuni\u00f3 con los administradores de Edesur, Edenorte y Edeeste, Marcelo Silva, Eduardo Saavedra y Francisco Leiva.<\/span><\/p>\n<\/p>\n<h6> 2010-11-01 21:18:35 <\/h6>\n<p><!--\n<link rel=\"stylesheet\" href=\"css\/bootstrap.min.css\">\n\n\n<ul class=\"pagination\">\n\t    \n\t\n\n<li >\n\t<a href='?page_no=30734'>Previous<\/a>\n\t<\/li>\n\n\n       \n    \n\n<li><a href='?page_no=1'>1<\/a><\/li>\n\n\n\n<li><a href='?page_no=2'>2<\/a><\/li>\n\n\n\n<li><a>...<\/a><\/li>\n\n\n\n<li><a href='?page_no=30733'>30733<\/a><\/li>\n\n\n\n<li><a href='?page_no=30734'>30734<\/a><\/li>\n\n\n\n<li class='active'><a>30735<\/a><\/li>\n\n\n\n<li><a href='?page_no=30736'>30736<\/a><\/li>\n\n\n\n<li><a href='?page_no=30737'>30737<\/a><\/li>\n\n\n\n<li><a>...<\/a><\/li>\n\n\n\n<li><a href='?page_no=31963'>31963<\/a><\/li>\n\n\n\n<li><a href='?page_no=31964'>31964<\/a><\/li>\n\n    \n\t\n\n<li >\n\t<a href='?page_no=30736'>Next<\/a>\n\t<\/li>\n\n\n    \n\n<li><a href='?page_no=31964'>Last &rsaquo;&rsaquo;<\/a><\/li>\n\n<\/ul>\n\n\n--><br \/>\n<\/body><\/p>\n","protected":false},"excerpt":{"rendered":"<p>Santo Domingo.-La Corporaci\u00f3n Dominicana de Empresas El\u00e9ctricas Estatales (CDEEE) coordina el plan de contingencia del sector energ\u00e9tico, ante el inminente paso de la tormenta tropical Tomas. El vicepresidente ejecutivo de la CDEEE, Celso Marranzini, se reuni\u00f3 para esos fines con representantes de las empresas de generaci\u00f3n AES Dominicana, Ege-Haina, Seaboard, CPP y CESPM, quienes han [&hellip;]<\/p>\n","protected":false},"author":3,"featured_media":0,"comment_status":"open","ping_status":"open","sticky":false,"template":"","format":"standard","meta":{"footnotes":""},"categories":[24],"tags":[],"class_list":["post-155567","post","type-post","status-publish","format-standard","hentry","category-justicia-y-derecho"],"_links":{"self":[{"href":"https:\/\/diariodominicano.com\/index.php?rest_route=\/wp\/v2\/posts\/155567","targetHints":{"allow":["GET"]}}],"collection":[{"href":"https:\/\/diariodominicano.com\/index.php?rest_route=\/wp\/v2\/posts"}],"about":[{"href":"https:\/\/diariodominicano.com\/index.php?rest_route=\/wp\/v2\/types\/post"}],"author":[{"embeddable":true,"href":"https:\/\/diariodominicano.com\/index.php?rest_route=\/wp\/v2\/users\/3"}],"replies":[{"embeddable":true,"href":"https:\/\/diariodominicano.com\/index.php?rest_route=%2Fwp%2Fv2%2Fcomments&post=155567"}],"version-history":[{"count":0,"href":"https:\/\/diariodominicano.com\/index.php?rest_route=\/wp\/v2\/posts\/155567\/revisions"}],"wp:attachment":[{"href":"https:\/\/diariodominicano.com\/index.php?rest_route=%2Fwp%2Fv2%2Fmedia&parent=155567"}],"wp:term":[{"taxonomy":"category","embeddable":true,"href":"https:\/\/diariodominicano.com\/index.php?rest_route=%2Fwp%2Fv2%2Fcategories&post=155567"},{"taxonomy":"post_tag","embeddable":true,"href":"https:\/\/diariodominicano.com\/index.php?rest_route=%2Fwp%2Fv2%2Ftags&post=155567"}],"curies":[{"name":"wp","href":"https:\/\/api.w.org\/{rel}","templated":true}]}}