{"id":155566,"date":"2010-11-01T21:33:29","date_gmt":"2010-11-01T21:33:29","guid":{"rendered":"http:\/\/diariodominicano.ddns.net\/?p=155566"},"modified":"2010-11-01T21:33:29","modified_gmt":"2010-11-01T21:33:29","slug":"presidente-fernandez-felicita-a-dilma-rousseff-presidenta-electa-de-brasil","status":"publish","type":"post","link":"https:\/\/diariodominicano.com\/?p=155566","title":{"rendered":"&#13;Presidente Fern\u00e1ndez felicita a Dilma Rousseff,  presidenta electa de Brasil"},"content":{"rendered":"<p><body><\/p>\n<\/p>\n<\/p>\n<p><span class=\"text1noticias\">Santo Domingo.-El presidente de la Rep\u00fablica, doctor Leonel Fern\u00e1ndez, envi\u00f3 este lunes un mensaje de felicitaci\u00f3n a la presidenta electa de Brasil, Dilma Vana Rousseff, por su triunfo alcanzado el domingo en las elecciones presidenciales de esa naci\u00f3n suramericana. <\/span><\/p>\n<\/p>\n<p><span class=\"text1noticias\">\u00abEn nombre del gobierno y del pueblo de la Rep\u00fablica Dominicana, le expreso las m\u00e1s c\u00e1lidas felicitaciones por el triunfo que usted ha obtenido, en los comicios celebrados en su pa\u00eds, para dirigir los destinos de la Rep\u00fablica de Brasil, durante el per\u00edodo presidencial 2010-2014\u00bb, agrega Fern\u00e1ndez. <\/span><\/p>\n<\/p>\n<p><span class=\"text1noticias\">En su misiva a la presidenta electa de Brasil, el mandatario indica que esa victoria electoral es una muestra fehaciente de la madurez c\u00edvica de sus conciudadanos, quienes, amparados en el pleno ejercicio democr\u00e1tico, le han otorgado una conquista concluyente que fortalece los procesos de consolidaci\u00f3n institucional para cristalizar el desarrollo con inclusi\u00f3n y equidad social de su naci\u00f3n, como de igual forma anhelan los pa\u00edses del hemisferio.<\/span><\/p>\n<\/p>\n<p><span class=\"text1noticias\">\u00abEs propicio celebrar su victoria dados los estrechos lazos de fraternidad, de cooperaci\u00f3n y de solidaridad existentes entre nuestros pueblos, confiados en que continuar\u00e1n fortaleci\u00e9ndose de manera sostenible en el tiempo\u00bb, indica el texto de la carta remitida por el presidente Fern\u00e1ndez a la se\u00f1ora  Vana Rousseff.<\/span><\/p>\n<\/p>\n<p><span class=\"text1noticias\">Igualmente, el gobernante dominicano extendi\u00f3 en su misiva a la presidenta electa de Brasil, congratulaciones al vicepresidente electo, se\u00f1or  Michel Temer, y a los dirigentes del Partido de los Trabajadores, por haber trabajado incansablemente para obtener el favor del electorado brasile\u00f1o.<\/span><\/p>\n<\/p>\n<h6> 2010-11-01 21:33:29 <\/h6>\n<p><!--\n<link rel=\"stylesheet\" href=\"css\/bootstrap.min.css\">\n\n\n<ul class=\"pagination\">\n\t    \n\t\n\n<li >\n\t<a href='?page_no=30733'>Previous<\/a>\n\t<\/li>\n\n\n       \n    \n\n<li><a href='?page_no=1'>1<\/a><\/li>\n\n\n\n<li><a href='?page_no=2'>2<\/a><\/li>\n\n\n\n<li><a>...<\/a><\/li>\n\n\n\n<li><a href='?page_no=30732'>30732<\/a><\/li>\n\n\n\n<li><a href='?page_no=30733'>30733<\/a><\/li>\n\n\n\n<li class='active'><a>30734<\/a><\/li>\n\n\n\n<li><a href='?page_no=30735'>30735<\/a><\/li>\n\n\n\n<li><a href='?page_no=30736'>30736<\/a><\/li>\n\n\n\n<li><a>...<\/a><\/li>\n\n\n\n<li><a href='?page_no=31963'>31963<\/a><\/li>\n\n\n\n<li><a href='?page_no=31964'>31964<\/a><\/li>\n\n    \n\t\n\n<li >\n\t<a href='?page_no=30735'>Next<\/a>\n\t<\/li>\n\n\n    \n\n<li><a href='?page_no=31964'>Last &rsaquo;&rsaquo;<\/a><\/li>\n\n<\/ul>\n\n\n--><br \/>\n<\/body><\/p>\n","protected":false},"excerpt":{"rendered":"<p>Santo Domingo.-El presidente de la Rep\u00fablica, doctor Leonel Fern\u00e1ndez, envi\u00f3 este lunes un mensaje de felicitaci\u00f3n a la presidenta electa de Brasil, Dilma Vana Rousseff, por su triunfo alcanzado el domingo en las elecciones presidenciales de esa naci\u00f3n suramericana. \u00abEn nombre del gobierno y del pueblo de la Rep\u00fablica Dominicana, le expreso las m\u00e1s c\u00e1lidas [&hellip;]<\/p>\n","protected":false},"author":3,"featured_media":0,"comment_status":"open","ping_status":"open","sticky":false,"template":"","format":"standard","meta":{"footnotes":""},"categories":[24],"tags":[],"class_list":["post-155566","post","type-post","status-publish","format-standard","hentry","category-justicia-y-derecho"],"_links":{"self":[{"href":"https:\/\/diariodominicano.com\/index.php?rest_route=\/wp\/v2\/posts\/155566","targetHints":{"allow":["GET"]}}],"collection":[{"href":"https:\/\/diariodominicano.com\/index.php?rest_route=\/wp\/v2\/posts"}],"about":[{"href":"https:\/\/diariodominicano.com\/index.php?rest_route=\/wp\/v2\/types\/post"}],"author":[{"embeddable":true,"href":"https:\/\/diariodominicano.com\/index.php?rest_route=\/wp\/v2\/users\/3"}],"replies":[{"embeddable":true,"href":"https:\/\/diariodominicano.com\/index.php?rest_route=%2Fwp%2Fv2%2Fcomments&post=155566"}],"version-history":[{"count":0,"href":"https:\/\/diariodominicano.com\/index.php?rest_route=\/wp\/v2\/posts\/155566\/revisions"}],"wp:attachment":[{"href":"https:\/\/diariodominicano.com\/index.php?rest_route=%2Fwp%2Fv2%2Fmedia&parent=155566"}],"wp:term":[{"taxonomy":"category","embeddable":true,"href":"https:\/\/diariodominicano.com\/index.php?rest_route=%2Fwp%2Fv2%2Fcategories&post=155566"},{"taxonomy":"post_tag","embeddable":true,"href":"https:\/\/diariodominicano.com\/index.php?rest_route=%2Fwp%2Fv2%2Ftags&post=155566"}],"curies":[{"name":"wp","href":"https:\/\/api.w.org\/{rel}","templated":true}]}}