{"id":155565,"date":"2010-11-02T13:47:43","date_gmt":"2010-11-02T13:47:43","guid":{"rendered":"http:\/\/diariodominicano.ddns.net\/?p=155565"},"modified":"2010-11-02T13:47:43","modified_gmt":"2010-11-02T13:47:43","slug":"tomas-podria-recobrar-fuerza-de-huracan","status":"publish","type":"post","link":"https:\/\/diariodominicano.com\/?p=155565","title":{"rendered":"Tomas podr\u00eda recobrar fuerza de hurac\u00e1n"},"content":{"rendered":"<p><body><\/p>\n<p><img decoding=\"async\" src=\"http:\/\/localhost:8080\/justiciayderecho\/img3\/Tomas Tormenta.jpg\" \/>  <\/p>\n<\/p>\n<p><span class=\"text1noticias\">Santo Domingo, 02 Nov 2010.- La Oficina Nacional de Meteorolog\u00eda (Onamet) inform\u00f3 este martes que Tomas ha aumentado sus vientos m\u00e1ximos sostenidos a 85 kil\u00f3metros por hora, con r\u00e1fagas superiores y se espera que contin\u00fae intensific\u00e1ndose gradualmente en las pr\u00f3ximas 48 horas hasta convertirse de nuevo en hurac\u00e1n.<\/span><\/p>\n<\/p>\n<p><span class=\"text1noticias\">En ese sentido la Onamet mantiene  la alerta temprana desde San Crist\u00f3bal hasta Pedernales.<\/span><\/p>\n<p><span class=\"text1noticias\">Recomienda  a las fr\u00e1giles, peque\u00f1as y medianas embarcaciones que operan la Costa Caribe\u00f1a  permanecer en puerto por vientos y olas anormales as\u00ed como fuertes rompientes. <\/span><\/p>\n<\/p>\n<p><span class=\"text1noticias\">Reiter\u00f3 que las actividades  acu\u00e1ticas y recreativas siguen suspendidas hasta que Tomas se aleje de la zona de pron\u00f3stico del pa\u00eds.<\/span><\/p>\n<\/p>\n<p><span class=\"text1noticias\">  A la 5:00 de la ma\u00f1ana de hoy, el centro de la tormenta Tomas fue ubicado cerca de la latitud 13.5 Norte y longitud 72.0 Oeste,  a unos 570  kil\u00f3metros al Sur de Puerto Pr\u00edncipe Hait\u00ed,  cerca de 715 kil\u00f3metros al Sureste de Kingston Jamaica. Tomas se esta moviendo hacia el Oeste a unos 19 kil\u00f3metros por hora y se espera que gire hacia el Oeste\/Noroeste y luego  hacia el Noroeste a partir de las pr\u00f3ximas 48 horas.<\/span><\/p>\n<\/p>\n<p><span class=\"text1noticias\">La ONAMET dijo que habr\u00e1  aguaceros dispersos, tormentas el\u00e9ctricas y aisladas r\u00e1fagas de vientos, principalmente hacia las provincias Espaillat, Salcedo, Duarte,  Mar\u00eda Trinidad S\u00e1nchez, La Altagracia, Hato Mayor, La Romana, La Vega, Monse\u00f1or Nouel, Santiago, Santiago Rodr\u00edguez, Saman\u00e1,  Monte Plata , S\u00e1nchez Ram\u00edrez, San Crist\u00f3bal, San Jos\u00e9 de Ocoa, Peravia, y El\u00edas Pi\u00f1a.<\/span><\/p>\n<p><span class=\"text1noticias\">En Santo Domingo y el Distrito Nacional incrementos nubosos en ocasiones con aguaceros dispersos y tronadas. <\/span><\/p>\n<\/p>\n<h6> 2010-11-02 13:47:43 <\/h6>\n<p><!--\n<link rel=\"stylesheet\" href=\"css\/bootstrap.min.css\">\n\n\n<ul class=\"pagination\">\n\t    \n\t\n\n<li >\n\t<a href='?page_no=30732'>Previous<\/a>\n\t<\/li>\n\n\n       \n    \n\n<li><a href='?page_no=1'>1<\/a><\/li>\n\n\n\n<li><a href='?page_no=2'>2<\/a><\/li>\n\n\n\n<li><a>...<\/a><\/li>\n\n\n\n<li><a href='?page_no=30731'>30731<\/a><\/li>\n\n\n\n<li><a href='?page_no=30732'>30732<\/a><\/li>\n\n\n\n<li class='active'><a>30733<\/a><\/li>\n\n\n\n<li><a href='?page_no=30734'>30734<\/a><\/li>\n\n\n\n<li><a href='?page_no=30735'>30735<\/a><\/li>\n\n\n\n<li><a>...<\/a><\/li>\n\n\n\n<li><a href='?page_no=31963'>31963<\/a><\/li>\n\n\n\n<li><a href='?page_no=31964'>31964<\/a><\/li>\n\n    \n\t\n\n<li >\n\t<a href='?page_no=30734'>Next<\/a>\n\t<\/li>\n\n\n    \n\n<li><a href='?page_no=31964'>Last &rsaquo;&rsaquo;<\/a><\/li>\n\n<\/ul>\n\n\n--><br \/>\n<\/body><\/p>\n","protected":false},"excerpt":{"rendered":"<p>Santo Domingo, 02 Nov 2010.- La Oficina Nacional de Meteorolog\u00eda (Onamet) inform\u00f3 este martes que Tomas ha aumentado sus vientos m\u00e1ximos sostenidos a 85 kil\u00f3metros por hora, con r\u00e1fagas superiores y se espera que contin\u00fae intensific\u00e1ndose gradualmente en las pr\u00f3ximas 48 horas hasta convertirse de nuevo en hurac\u00e1n. En ese sentido la Onamet mantiene la [&hellip;]<\/p>\n","protected":false},"author":3,"featured_media":0,"comment_status":"open","ping_status":"open","sticky":false,"template":"","format":"standard","meta":{"footnotes":""},"categories":[24],"tags":[],"class_list":["post-155565","post","type-post","status-publish","format-standard","hentry","category-justicia-y-derecho"],"_links":{"self":[{"href":"https:\/\/diariodominicano.com\/index.php?rest_route=\/wp\/v2\/posts\/155565","targetHints":{"allow":["GET"]}}],"collection":[{"href":"https:\/\/diariodominicano.com\/index.php?rest_route=\/wp\/v2\/posts"}],"about":[{"href":"https:\/\/diariodominicano.com\/index.php?rest_route=\/wp\/v2\/types\/post"}],"author":[{"embeddable":true,"href":"https:\/\/diariodominicano.com\/index.php?rest_route=\/wp\/v2\/users\/3"}],"replies":[{"embeddable":true,"href":"https:\/\/diariodominicano.com\/index.php?rest_route=%2Fwp%2Fv2%2Fcomments&post=155565"}],"version-history":[{"count":0,"href":"https:\/\/diariodominicano.com\/index.php?rest_route=\/wp\/v2\/posts\/155565\/revisions"}],"wp:attachment":[{"href":"https:\/\/diariodominicano.com\/index.php?rest_route=%2Fwp%2Fv2%2Fmedia&parent=155565"}],"wp:term":[{"taxonomy":"category","embeddable":true,"href":"https:\/\/diariodominicano.com\/index.php?rest_route=%2Fwp%2Fv2%2Fcategories&post=155565"},{"taxonomy":"post_tag","embeddable":true,"href":"https:\/\/diariodominicano.com\/index.php?rest_route=%2Fwp%2Fv2%2Ftags&post=155565"}],"curies":[{"name":"wp","href":"https:\/\/api.w.org\/{rel}","templated":true}]}}