{"id":155560,"date":"2010-11-02T20:06:11","date_gmt":"2010-11-02T20:06:11","guid":{"rendered":"http:\/\/diariodominicano.ddns.net\/?p=155560"},"modified":"2010-11-02T20:06:11","modified_gmt":"2010-11-02T20:06:11","slug":"presidente-fernandez-inaugura-acueductos-y-presa-por-valor-rd5820-millones","status":"publish","type":"post","link":"https:\/\/diariodominicano.com\/?p=155560","title":{"rendered":"Presidente Fern\u00e1ndez inaugura  acueductos y presa, por valor RD$5,820 millones"},"content":{"rendered":"<p><body><\/p>\n<p><img decoding=\"async\" src=\"http:\/\/localhost:8080\/justiciayderecho\/img3\/inauguracion de presa.jpg\" \/>  <\/p>\n<\/p>\n<p><span class=\"text1noticias\">Saman\u00e1.-A un costo superior a los 5 mil 820 millones, el presidente Leonel Fern\u00e1ndez inaugurar\u00e1 este jueves los acueductos M\u00faltiple de Saman\u00e1, que incluye la Presa R\u00edo San Juan;  y el de Los Algarrobos, en el mismo municipio cabecera de esa tur\u00edstica provincia, as\u00ed como la rehabilitaci\u00f3n del dep\u00f3sito regulador de El Catey.<\/span><\/p>\n<\/p>\n<p><span class=\"text1noticias\"> Los acueductos M\u00faltiple de Saman\u00e1, el de Los Algarrobos y la rehabilitaci\u00f3n del dep\u00f3sito regulador del acueducto de El Catey beneficiar\u00e1n a 187 mil 725 personas, inform\u00f3 el Director Ejecutivo del INAPA,  ingeniero Mariano Germ\u00e1n. El acto que encabezar\u00e1n el presidente Fern\u00e1ndez y el ingeniero Germ\u00e1n est\u00e1 previsto para las 11 de la ma\u00f1ana de este jueves, 4 de noviembre, en la planta de tratamiento del Acueducto de Saman\u00e1, localizado en la comunidad La Palmilla.<\/span><\/p>\n<\/p>\n<p><span class=\"text1noticias\">El edificio administrativo de la planta de tratamiento de aguas potables del acueducto de Saman\u00e1 ha sido bautizado con el nombre de Emilio Almonte, maestro de la ingenier\u00eda hidr\u00e1ulica que dise\u00f1\u00f3 distintos acueductos y sistemas de alcantarillados e hizo grandes aportes al pa\u00eds, y quien falleci\u00f3 el pasado 27 de julio.<\/span><\/p>\n<\/p>\n<p><span class=\"text1noticias\">Los nuevos sistemas de suministro de agua potable en esa provincia, constituyen viejas demandas de la poblaci\u00f3n y de representantes de los sectores econ\u00f3micos, sociales y productivos, muchos de los cuales expresaron satisfacci\u00f3n por el anuncio de entrega de las obras.<\/span><\/p>\n<\/p>\n<p><span class=\"text1noticias\">El Acueducto M\u00faltiple de Saman\u00e1  fue construido a un costo de 5 mil 812 millones 500 mil pesos y beneficiar\u00e1 a 187 mil 187 personas.<\/span><\/p>\n<\/p>\n<p><span class=\"text1noticias\">Se trata de una obra h\u00eddrica-sanitaria de extraordinaria belleza y avanzada tecnolog\u00eda, que operar\u00e1 por bombeo y por gravedad, en forma combinada, y que tiene entre sus principales componentes una gigantesca presa de hormig\u00f3n, con dos obras de toma, sobre el r\u00edo San Juan.<\/span><\/p>\n<\/p>\n<p><span class=\"text1noticias\">De su lado, el acueducto Los Algarrobos, levantado a un costo de 8 millones 70 mil 932 pesos con 68 centavos; trabajar\u00e1 por bombeo y tiene como fuente de abastecimiento las aguas del nuevo acueducto de Saman\u00e1; en tanto el costo de rehabilitaci\u00f3n del dep\u00f3sito regulador del acueducto El Catey, es de un mill\u00f3n 27 mil 776 pesos con 96 centavos.<\/span><\/p>\n<\/p>\n<h6> 2010-11-02 20:06:11 <\/h6>\n<p><!--\n<link rel=\"stylesheet\" href=\"css\/bootstrap.min.css\">\n\n\n<ul class=\"pagination\">\n\t    \n\t\n\n<li >\n\t<a href='?page_no=30727'>Previous<\/a>\n\t<\/li>\n\n\n       \n    \n\n<li><a href='?page_no=1'>1<\/a><\/li>\n\n\n\n<li><a href='?page_no=2'>2<\/a><\/li>\n\n\n\n<li><a>...<\/a><\/li>\n\n\n\n<li><a href='?page_no=30726'>30726<\/a><\/li>\n\n\n\n<li><a href='?page_no=30727'>30727<\/a><\/li>\n\n\n\n<li class='active'><a>30728<\/a><\/li>\n\n\n\n<li><a href='?page_no=30729'>30729<\/a><\/li>\n\n\n\n<li><a href='?page_no=30730'>30730<\/a><\/li>\n\n\n\n<li><a>...<\/a><\/li>\n\n\n\n<li><a href='?page_no=31963'>31963<\/a><\/li>\n\n\n\n<li><a href='?page_no=31964'>31964<\/a><\/li>\n\n    \n\t\n\n<li >\n\t<a href='?page_no=30729'>Next<\/a>\n\t<\/li>\n\n\n    \n\n<li><a href='?page_no=31964'>Last &rsaquo;&rsaquo;<\/a><\/li>\n\n<\/ul>\n\n\n--><br \/>\n<\/body><\/p>\n","protected":false},"excerpt":{"rendered":"<p>Saman\u00e1.-A un costo superior a los 5 mil 820 millones, el presidente Leonel Fern\u00e1ndez inaugurar\u00e1 este jueves los acueductos M\u00faltiple de Saman\u00e1, que incluye la Presa R\u00edo San Juan; y el de Los Algarrobos, en el mismo municipio cabecera de esa tur\u00edstica provincia, as\u00ed como la rehabilitaci\u00f3n del dep\u00f3sito regulador de El Catey. Los acueductos [&hellip;]<\/p>\n","protected":false},"author":3,"featured_media":0,"comment_status":"open","ping_status":"open","sticky":false,"template":"","format":"standard","meta":{"footnotes":""},"categories":[24],"tags":[],"class_list":["post-155560","post","type-post","status-publish","format-standard","hentry","category-justicia-y-derecho"],"_links":{"self":[{"href":"https:\/\/diariodominicano.com\/index.php?rest_route=\/wp\/v2\/posts\/155560","targetHints":{"allow":["GET"]}}],"collection":[{"href":"https:\/\/diariodominicano.com\/index.php?rest_route=\/wp\/v2\/posts"}],"about":[{"href":"https:\/\/diariodominicano.com\/index.php?rest_route=\/wp\/v2\/types\/post"}],"author":[{"embeddable":true,"href":"https:\/\/diariodominicano.com\/index.php?rest_route=\/wp\/v2\/users\/3"}],"replies":[{"embeddable":true,"href":"https:\/\/diariodominicano.com\/index.php?rest_route=%2Fwp%2Fv2%2Fcomments&post=155560"}],"version-history":[{"count":0,"href":"https:\/\/diariodominicano.com\/index.php?rest_route=\/wp\/v2\/posts\/155560\/revisions"}],"wp:attachment":[{"href":"https:\/\/diariodominicano.com\/index.php?rest_route=%2Fwp%2Fv2%2Fmedia&parent=155560"}],"wp:term":[{"taxonomy":"category","embeddable":true,"href":"https:\/\/diariodominicano.com\/index.php?rest_route=%2Fwp%2Fv2%2Fcategories&post=155560"},{"taxonomy":"post_tag","embeddable":true,"href":"https:\/\/diariodominicano.com\/index.php?rest_route=%2Fwp%2Fv2%2Ftags&post=155560"}],"curies":[{"name":"wp","href":"https:\/\/api.w.org\/{rel}","templated":true}]}}