{"id":155555,"date":"2010-11-02T20:52:11","date_gmt":"2010-11-02T20:52:11","guid":{"rendered":"http:\/\/diariodominicano.ddns.net\/?p=155555"},"modified":"2010-11-02T20:52:11","modified_gmt":"2010-11-02T20:52:11","slug":"freddy-beras-goico-internado-de-emergencia","status":"publish","type":"post","link":"https:\/\/diariodominicano.com\/?p=155555","title":{"rendered":"Freddy Beras Goico internado de emergencia"},"content":{"rendered":"<p><body><\/p>\n<p><img decoding=\"async\" src=\"http:\/\/localhost:8080\/justiciayderecho\/img3\/freddy beras goico.jpg\" \/>  <\/p>\n<\/p>\n<p><span class=\"text1noticias\">SANTO DOMINGO.-El productor y humorista Freddy Beras Goico fue ingresado  este martes a la unidad de Cuidados Intensivos del Centros de Diagnostico y Medicina Avanzada y de Conferencias M\u00e9dicas y Telemedicina a consecuencia de un episodio hipoglicemico y dolor abdominal. <\/span><\/p>\n<\/p>\n<p><span class=\"text1noticias\">De acuerdo con una informaci\u00f3n suministrada por su hijo Giancarlo Beras-Goico, su padre fue trasladado al centro cl\u00ednico a las 11:00 am y de inmediato recibi\u00f3 las atenciones de un equipo  bajo la direcci\u00f3n de su m\u00e9dico personal,  Jos\u00e9 Rafael Yun\u00e9n.<\/span><\/p>\n<p><span class=\"text1noticias\"> \u00abDesde que lleg\u00f3 al centro m\u00e9dico su salud fue estabilizada. Se le han practicado una serie de an\u00e1lisis, incluyendo estudios de radiolog\u00eda\u00bb, explic\u00f3 Giancarlo.<\/span><\/p>\n<\/p>\n<p><span class=\"text1noticias\">Hace varias semanas el productor y conductor del programa de televisi\u00f3n Con Freddy y Punto que se transmite por Color Visi\u00f3n fue intervenido en un hospital de la ciudad de Nueva York y desde su retorno al pa\u00eds ha estado recuper\u00e1ndose en su residencia.<\/span><\/p>\n<\/p>\n<h6> 2010-11-02 20:52:11 <\/h6>\n<p><!--\n<link rel=\"stylesheet\" href=\"css\/bootstrap.min.css\">\n\n\n<ul class=\"pagination\">\n\t    \n\t\n\n<li >\n\t<a href='?page_no=30722'>Previous<\/a>\n\t<\/li>\n\n\n       \n    \n\n<li><a href='?page_no=1'>1<\/a><\/li>\n\n\n\n<li><a href='?page_no=2'>2<\/a><\/li>\n\n\n\n<li><a>...<\/a><\/li>\n\n\n\n<li><a href='?page_no=30721'>30721<\/a><\/li>\n\n\n\n<li><a href='?page_no=30722'>30722<\/a><\/li>\n\n\n\n<li class='active'><a>30723<\/a><\/li>\n\n\n\n<li><a href='?page_no=30724'>30724<\/a><\/li>\n\n\n\n<li><a href='?page_no=30725'>30725<\/a><\/li>\n\n\n\n<li><a>...<\/a><\/li>\n\n\n\n<li><a href='?page_no=31963'>31963<\/a><\/li>\n\n\n\n<li><a href='?page_no=31964'>31964<\/a><\/li>\n\n    \n\t\n\n<li >\n\t<a href='?page_no=30724'>Next<\/a>\n\t<\/li>\n\n\n    \n\n<li><a href='?page_no=31964'>Last &rsaquo;&rsaquo;<\/a><\/li>\n\n<\/ul>\n\n\n--><br \/>\n<\/body><\/p>\n","protected":false},"excerpt":{"rendered":"<p>SANTO DOMINGO.-El productor y humorista Freddy Beras Goico fue ingresado este martes a la unidad de Cuidados Intensivos del Centros de Diagnostico y Medicina Avanzada y de Conferencias M\u00e9dicas y Telemedicina a consecuencia de un episodio hipoglicemico y dolor abdominal. De acuerdo con una informaci\u00f3n suministrada por su hijo Giancarlo Beras-Goico, su padre fue trasladado [&hellip;]<\/p>\n","protected":false},"author":3,"featured_media":0,"comment_status":"open","ping_status":"open","sticky":false,"template":"","format":"standard","meta":{"footnotes":""},"categories":[24],"tags":[],"class_list":["post-155555","post","type-post","status-publish","format-standard","hentry","category-justicia-y-derecho"],"_links":{"self":[{"href":"https:\/\/diariodominicano.com\/index.php?rest_route=\/wp\/v2\/posts\/155555","targetHints":{"allow":["GET"]}}],"collection":[{"href":"https:\/\/diariodominicano.com\/index.php?rest_route=\/wp\/v2\/posts"}],"about":[{"href":"https:\/\/diariodominicano.com\/index.php?rest_route=\/wp\/v2\/types\/post"}],"author":[{"embeddable":true,"href":"https:\/\/diariodominicano.com\/index.php?rest_route=\/wp\/v2\/users\/3"}],"replies":[{"embeddable":true,"href":"https:\/\/diariodominicano.com\/index.php?rest_route=%2Fwp%2Fv2%2Fcomments&post=155555"}],"version-history":[{"count":0,"href":"https:\/\/diariodominicano.com\/index.php?rest_route=\/wp\/v2\/posts\/155555\/revisions"}],"wp:attachment":[{"href":"https:\/\/diariodominicano.com\/index.php?rest_route=%2Fwp%2Fv2%2Fmedia&parent=155555"}],"wp:term":[{"taxonomy":"category","embeddable":true,"href":"https:\/\/diariodominicano.com\/index.php?rest_route=%2Fwp%2Fv2%2Fcategories&post=155555"},{"taxonomy":"post_tag","embeddable":true,"href":"https:\/\/diariodominicano.com\/index.php?rest_route=%2Fwp%2Fv2%2Ftags&post=155555"}],"curies":[{"name":"wp","href":"https:\/\/api.w.org\/{rel}","templated":true}]}}