{"id":155548,"date":"2010-11-03T15:06:56","date_gmt":"2010-11-03T15:06:56","guid":{"rendered":"http:\/\/diariodominicano.ddns.net\/?p=155548"},"modified":"2010-11-03T15:06:56","modified_gmt":"2010-11-03T15:06:56","slug":"tomas-pierde-intensidad-mientras-autoridades-mantiene-alerta-desde-san-cristobal-hasta-pedernales","status":"publish","type":"post","link":"https:\/\/diariodominicano.com\/?p=155548","title":{"rendered":"Tomas  pierde intensidad, mientras autoridades mantiene alerta desde San Crist\u00f3bal hasta Pedernales"},"content":{"rendered":"<p><body><\/p>\n<\/p>\n<p><span class=\"text1noticias\">Santo Domingo, 03 nov 2010.-  La Oficina Nacional de Meteorolog\u00eda pronostic\u00f3 fuertes lluvias desde el jueves y todo el fin de semana, mientras que el Centro de Operaciones de Emergencias (COE) mantiene alerta verde para ocho provincias por el paso de la tormenta tropical Tomas.<\/span><\/p>\n<\/p>\n<p><span class=\"text1noticias\">La tormenta tropical Tomas fue localizada a unos 630 kil\u00f3metros al Sur Sureste de Puerto Pr\u00edncipe, Hait\u00ed con vientos entre 17 y 22 kil\u00f3metros por hora.<\/span><\/p>\n<\/p>\n<p><span class=\"text1noticias\">Debido a los pron\u00f3sticos el COE mantiene alerte verde para San Crist\u00f3bal, Azua, Barahona, Bahoruco, San Juan, El\u00edas Pi\u00f1a, Independencia y Pedernales.<\/span><\/p>\n<\/p>\n<p><span class=\"text1noticias\">En tanto que en Hait\u00ed fue decretada una Alerta M\u00e1xima ante el inminente paso de fen\u00f3meno natural por ese pa\u00eds.<\/span><\/p>\n<\/p>\n<p><span class=\"text1noticias\">En el pa\u00eds, los organismos de protecci\u00f3n civil aseguran que est\u00e1n preparado para enfrentar lo efectos de de la Tormenta Tomas.<\/span><\/p>\n<\/p>\n<h6> 2010-11-03 15:06:56 <\/h6>\n<p><!--\n<link rel=\"stylesheet\" href=\"css\/bootstrap.min.css\">\n\n\n<ul class=\"pagination\">\n\t    \n\t\n\n<li >\n\t<a href='?page_no=30715'>Previous<\/a>\n\t<\/li>\n\n\n       \n    \n\n<li><a href='?page_no=1'>1<\/a><\/li>\n\n\n\n<li><a href='?page_no=2'>2<\/a><\/li>\n\n\n\n<li><a>...<\/a><\/li>\n\n\n\n<li><a href='?page_no=30714'>30714<\/a><\/li>\n\n\n\n<li><a href='?page_no=30715'>30715<\/a><\/li>\n\n\n\n<li class='active'><a>30716<\/a><\/li>\n\n\n\n<li><a href='?page_no=30717'>30717<\/a><\/li>\n\n\n\n<li><a href='?page_no=30718'>30718<\/a><\/li>\n\n\n\n<li><a>...<\/a><\/li>\n\n\n\n<li><a href='?page_no=31963'>31963<\/a><\/li>\n\n\n\n<li><a href='?page_no=31964'>31964<\/a><\/li>\n\n    \n\t\n\n<li >\n\t<a href='?page_no=30717'>Next<\/a>\n\t<\/li>\n\n\n    \n\n<li><a href='?page_no=31964'>Last &rsaquo;&rsaquo;<\/a><\/li>\n\n<\/ul>\n\n\n--><br \/>\n<\/body><\/p>\n","protected":false},"excerpt":{"rendered":"<p>Santo Domingo, 03 nov 2010.- La Oficina Nacional de Meteorolog\u00eda pronostic\u00f3 fuertes lluvias desde el jueves y todo el fin de semana, mientras que el Centro de Operaciones de Emergencias (COE) mantiene alerta verde para ocho provincias por el paso de la tormenta tropical Tomas. La tormenta tropical Tomas fue localizada a unos 630 kil\u00f3metros [&hellip;]<\/p>\n","protected":false},"author":3,"featured_media":0,"comment_status":"open","ping_status":"open","sticky":false,"template":"","format":"standard","meta":{"footnotes":""},"categories":[24],"tags":[],"class_list":["post-155548","post","type-post","status-publish","format-standard","hentry","category-justicia-y-derecho"],"_links":{"self":[{"href":"https:\/\/diariodominicano.com\/index.php?rest_route=\/wp\/v2\/posts\/155548","targetHints":{"allow":["GET"]}}],"collection":[{"href":"https:\/\/diariodominicano.com\/index.php?rest_route=\/wp\/v2\/posts"}],"about":[{"href":"https:\/\/diariodominicano.com\/index.php?rest_route=\/wp\/v2\/types\/post"}],"author":[{"embeddable":true,"href":"https:\/\/diariodominicano.com\/index.php?rest_route=\/wp\/v2\/users\/3"}],"replies":[{"embeddable":true,"href":"https:\/\/diariodominicano.com\/index.php?rest_route=%2Fwp%2Fv2%2Fcomments&post=155548"}],"version-history":[{"count":0,"href":"https:\/\/diariodominicano.com\/index.php?rest_route=\/wp\/v2\/posts\/155548\/revisions"}],"wp:attachment":[{"href":"https:\/\/diariodominicano.com\/index.php?rest_route=%2Fwp%2Fv2%2Fmedia&parent=155548"}],"wp:term":[{"taxonomy":"category","embeddable":true,"href":"https:\/\/diariodominicano.com\/index.php?rest_route=%2Fwp%2Fv2%2Fcategories&post=155548"},{"taxonomy":"post_tag","embeddable":true,"href":"https:\/\/diariodominicano.com\/index.php?rest_route=%2Fwp%2Fv2%2Ftags&post=155548"}],"curies":[{"name":"wp","href":"https:\/\/api.w.org\/{rel}","templated":true}]}}