{"id":155546,"date":"2010-11-03T19:12:25","date_gmt":"2010-11-03T19:12:25","guid":{"rendered":"http:\/\/diariodominicano.ddns.net\/?p=155546"},"modified":"2010-11-03T19:12:25","modified_gmt":"2010-11-03T19:12:25","slug":"ejercito-nacional-confisca-droga-en-la-frontera","status":"publish","type":"post","link":"https:\/\/diariodominicano.com\/?p=155546","title":{"rendered":"Ejercito Nacional confisca droga en la frontera"},"content":{"rendered":"<p><body><\/p>\n<p><img decoding=\"async\" src=\"http:\/\/localhost:8080\/justiciayderecho\/img3\/jefe en portes.JPG\" \/>  <\/p>\n<\/p>\n<p><span class=\"text1noticias\">Santo Domingo.- Miembros del Ej\u00e9rcito Nacional adscritos a la Direcci\u00f3n de Inteligencia Militar G-2 decomisaron en la provincia de Barahona dos paquetes conteniendo en su interior un polvo blanco presumiblemente coca\u00edna, con un peso  aproximado de cinco libras.<\/span><\/p>\n<\/p>\n<p><span class=\"text1noticias\">La droga fue detectada por los militares en el puesto de chequeo de Vicente Noble, en el interior de un minibus marca Mitsubishi, color azul, placa 011633, del transporte p\u00fablico, la misma estaba escondida debajo de un asiento en una mochila.<\/span><\/p>\n<\/p>\n<p><span class=\"text1noticias\">El veh\u00edculo era conducido por el nombrado Eugenio Leger Acosta quien tra\u00eda a ocho personas m\u00e1s como pasajero.<\/span><\/p>\n<\/p>\n<p><span class=\"text1noticias\">Al momento de la operaci\u00f3n los militares no pudieron establecer la categor\u00eda ni la procedencia de la sustancia, por lo que fue enviada a la Direcci\u00f3n Nacional de Control de Drogas junto al chofer y los dem\u00e1s ocupantes para los fines correspondientes.<\/span><\/p>\n<\/p>\n<p><span class=\"text1noticias\">En los \u00faltimos d\u00edas los militares apostados en el litoral fronterizo han incautado adem\u00e1s de drogas, armas de fuego, mercanc\u00edas de todo tipo,  tambi\u00e9n han apresado cientos de ilegales que tratan de penetrar al pa\u00eds sin documentaci\u00f3n legal.<\/span><\/p>\n<\/p>\n<p><span class=\"text1noticias\">En ese sentido, la Jefatura de Estado Mayor del Ej\u00e9rcito Nacional, comandada por el Mayor General Carlos A. Rivera Portes, E.N., (DEM), ha reiterado su apoyo a los soldados, y los ha exhortados para que no se dejen sobornar y amedrentar por sujetos que en violaci\u00f3n a la ley pretenden quebrantar la moral de los militares.<\/span><\/p>\n<\/p>\n<h6> 2010-11-03 19:12:25 <\/h6>\n<p><!--\n<link rel=\"stylesheet\" href=\"css\/bootstrap.min.css\">\n\n\n<ul class=\"pagination\">\n\t    \n\t\n\n<li >\n\t<a href='?page_no=30713'>Previous<\/a>\n\t<\/li>\n\n\n       \n    \n\n<li><a href='?page_no=1'>1<\/a><\/li>\n\n\n\n<li><a href='?page_no=2'>2<\/a><\/li>\n\n\n\n<li><a>...<\/a><\/li>\n\n\n\n<li><a href='?page_no=30712'>30712<\/a><\/li>\n\n\n\n<li><a href='?page_no=30713'>30713<\/a><\/li>\n\n\n\n<li class='active'><a>30714<\/a><\/li>\n\n\n\n<li><a href='?page_no=30715'>30715<\/a><\/li>\n\n\n\n<li><a href='?page_no=30716'>30716<\/a><\/li>\n\n\n\n<li><a>...<\/a><\/li>\n\n\n\n<li><a href='?page_no=31963'>31963<\/a><\/li>\n\n\n\n<li><a href='?page_no=31964'>31964<\/a><\/li>\n\n    \n\t\n\n<li >\n\t<a href='?page_no=30715'>Next<\/a>\n\t<\/li>\n\n\n    \n\n<li><a href='?page_no=31964'>Last &rsaquo;&rsaquo;<\/a><\/li>\n\n<\/ul>\n\n\n--><br \/>\n<\/body><\/p>\n","protected":false},"excerpt":{"rendered":"<p>Santo Domingo.- Miembros del Ej\u00e9rcito Nacional adscritos a la Direcci\u00f3n de Inteligencia Militar G-2 decomisaron en la provincia de Barahona dos paquetes conteniendo en su interior un polvo blanco presumiblemente coca\u00edna, con un peso aproximado de cinco libras. La droga fue detectada por los militares en el puesto de chequeo de Vicente Noble, en el [&hellip;]<\/p>\n","protected":false},"author":3,"featured_media":0,"comment_status":"open","ping_status":"open","sticky":false,"template":"","format":"standard","meta":{"footnotes":""},"categories":[24],"tags":[],"class_list":["post-155546","post","type-post","status-publish","format-standard","hentry","category-justicia-y-derecho"],"_links":{"self":[{"href":"https:\/\/diariodominicano.com\/index.php?rest_route=\/wp\/v2\/posts\/155546","targetHints":{"allow":["GET"]}}],"collection":[{"href":"https:\/\/diariodominicano.com\/index.php?rest_route=\/wp\/v2\/posts"}],"about":[{"href":"https:\/\/diariodominicano.com\/index.php?rest_route=\/wp\/v2\/types\/post"}],"author":[{"embeddable":true,"href":"https:\/\/diariodominicano.com\/index.php?rest_route=\/wp\/v2\/users\/3"}],"replies":[{"embeddable":true,"href":"https:\/\/diariodominicano.com\/index.php?rest_route=%2Fwp%2Fv2%2Fcomments&post=155546"}],"version-history":[{"count":0,"href":"https:\/\/diariodominicano.com\/index.php?rest_route=\/wp\/v2\/posts\/155546\/revisions"}],"wp:attachment":[{"href":"https:\/\/diariodominicano.com\/index.php?rest_route=%2Fwp%2Fv2%2Fmedia&parent=155546"}],"wp:term":[{"taxonomy":"category","embeddable":true,"href":"https:\/\/diariodominicano.com\/index.php?rest_route=%2Fwp%2Fv2%2Fcategories&post=155546"},{"taxonomy":"post_tag","embeddable":true,"href":"https:\/\/diariodominicano.com\/index.php?rest_route=%2Fwp%2Fv2%2Ftags&post=155546"}],"curies":[{"name":"wp","href":"https:\/\/api.w.org\/{rel}","templated":true}]}}