{"id":155543,"date":"2010-11-03T21:00:26","date_gmt":"2010-11-03T21:00:26","guid":{"rendered":"http:\/\/diariodominicano.ddns.net\/?p=155543"},"modified":"2010-11-03T21:00:26","modified_gmt":"2010-11-03T21:00:26","slug":"beneficiarios-de-la-reforma-agraria-presentan-irregularidades-en-arrendamiento","status":"publish","type":"post","link":"https:\/\/diariodominicano.com\/?p=155543","title":{"rendered":"Beneficiarios de la reforma agraria presentan irregularidades en arrendamiento"},"content":{"rendered":"<p><body><\/p>\n<\/p>\n<p><span class=\"text1noticias\">La Federaci\u00f3n de Ligas Agrarias y Campesinas de la L\u00ednea Noroeste (FEDELAC) calific\u00f3 como irregular el arrendamiento de 26 mil tareas de tierra  de la Reforma Agraria a la compa\u00f1\u00eda Inveravante S.A. en la provincia de Montecristi, por parte  del Instituto Nacional de Recursos Hidr\u00e1ulicos.<\/span><\/p>\n<p><span class=\"text1noticias\"> <\/span><\/p>\n<p><span class=\"text1noticias\">En una reuni\u00f3n de decenas de campesinos sin tierra de la L\u00ednea Noroeste con el presidente de la Fedelac Luciano Robles en su local de esta capital, donde se mostr\u00f3 el contrato de arrendamiento, firmado por Frank Rodr\u00edguez cuando era director del Instituto Agrario Dominicano.<\/span><\/p>\n<p><span class=\"text1noticias\"> <\/span><\/p>\n<p><span class=\"text1noticias\">Luciano Robles, quien es adem\u00e1s miembro del Consejo Directivo del IAD dijo que ese contrato es ilegal porque contraviene las leyes agrarias y porque no fue refrendado por el Consejo del IAD en su momento.<\/span><\/p>\n<p><span class=\"text1noticias\"> <\/span><\/p>\n<p><span class=\"text1noticias\">?Es un crimen que mientras hay miles y miles de campesinos sin tierra en la L\u00ednea Noroeste, este se\u00f1or (Frank Rodr\u00edguez) tuvo el tupe de arrendar esas tierras a un amigo suyo por la m\u00edsera suma de 80 pesos la tarea que ni siquiera han pagado\u00bb, puntualizo el l\u00edder agrario.<\/span><\/p>\n<p><span class=\"text1noticias\"> <\/span><\/p>\n<p><span class=\"text1noticias\">Dijo que van a recurrir por ante los tribunales de Montecristi para que ese contrato que califico de leonino sea revocado.<\/span><\/p>\n<p><span class=\"text1noticias\"> <\/span><\/p>\n<p><span class=\"text1noticias\">Por los campesinos afectados hablo Crucito Toribio, quien resalto que la compa\u00f1\u00eda beneficiaria, la Inveravante S.A., ha estado hostigando contantemente a los agricultores de la zona que tienen hasta 20 anos usufructuando esas tierras para mantener a sus familias.<\/span><\/p>\n<p><span class=\"text1noticias\"> <\/span><\/p>\n<p><span class=\"text1noticias\">Dijo Toribio que la Inveravante es una compa\u00f1\u00eda fantasma que est\u00e1n usando de testaferro para un amigo de Fran Rodr\u00edguez quedarse con esas tierras.<\/span><\/p>\n<\/p>\n<h6> 2010-11-03 21:00:26 <\/h6>\n<p><!--\n<link rel=\"stylesheet\" href=\"css\/bootstrap.min.css\">\n\n\n<ul class=\"pagination\">\n\t    \n\t\n\n<li >\n\t<a href='?page_no=30710'>Previous<\/a>\n\t<\/li>\n\n\n       \n    \n\n<li><a href='?page_no=1'>1<\/a><\/li>\n\n\n\n<li><a href='?page_no=2'>2<\/a><\/li>\n\n\n\n<li><a>...<\/a><\/li>\n\n\n\n<li><a href='?page_no=30709'>30709<\/a><\/li>\n\n\n\n<li><a href='?page_no=30710'>30710<\/a><\/li>\n\n\n\n<li class='active'><a>30711<\/a><\/li>\n\n\n\n<li><a href='?page_no=30712'>30712<\/a><\/li>\n\n\n\n<li><a href='?page_no=30713'>30713<\/a><\/li>\n\n\n\n<li><a>...<\/a><\/li>\n\n\n\n<li><a href='?page_no=31963'>31963<\/a><\/li>\n\n\n\n<li><a href='?page_no=31964'>31964<\/a><\/li>\n\n    \n\t\n\n<li >\n\t<a href='?page_no=30712'>Next<\/a>\n\t<\/li>\n\n\n    \n\n<li><a href='?page_no=31964'>Last &rsaquo;&rsaquo;<\/a><\/li>\n\n<\/ul>\n\n\n--><br \/>\n<\/body><\/p>\n","protected":false},"excerpt":{"rendered":"<p>La Federaci\u00f3n de Ligas Agrarias y Campesinas de la L\u00ednea Noroeste (FEDELAC) calific\u00f3 como irregular el arrendamiento de 26 mil tareas de tierra de la Reforma Agraria a la compa\u00f1\u00eda Inveravante S.A. en la provincia de Montecristi, por parte del Instituto Nacional de Recursos Hidr\u00e1ulicos. En una reuni\u00f3n de decenas de campesinos sin tierra de [&hellip;]<\/p>\n","protected":false},"author":3,"featured_media":0,"comment_status":"open","ping_status":"open","sticky":false,"template":"","format":"standard","meta":{"footnotes":""},"categories":[24],"tags":[],"class_list":["post-155543","post","type-post","status-publish","format-standard","hentry","category-justicia-y-derecho"],"_links":{"self":[{"href":"https:\/\/diariodominicano.com\/index.php?rest_route=\/wp\/v2\/posts\/155543","targetHints":{"allow":["GET"]}}],"collection":[{"href":"https:\/\/diariodominicano.com\/index.php?rest_route=\/wp\/v2\/posts"}],"about":[{"href":"https:\/\/diariodominicano.com\/index.php?rest_route=\/wp\/v2\/types\/post"}],"author":[{"embeddable":true,"href":"https:\/\/diariodominicano.com\/index.php?rest_route=\/wp\/v2\/users\/3"}],"replies":[{"embeddable":true,"href":"https:\/\/diariodominicano.com\/index.php?rest_route=%2Fwp%2Fv2%2Fcomments&post=155543"}],"version-history":[{"count":0,"href":"https:\/\/diariodominicano.com\/index.php?rest_route=\/wp\/v2\/posts\/155543\/revisions"}],"wp:attachment":[{"href":"https:\/\/diariodominicano.com\/index.php?rest_route=%2Fwp%2Fv2%2Fmedia&parent=155543"}],"wp:term":[{"taxonomy":"category","embeddable":true,"href":"https:\/\/diariodominicano.com\/index.php?rest_route=%2Fwp%2Fv2%2Fcategories&post=155543"},{"taxonomy":"post_tag","embeddable":true,"href":"https:\/\/diariodominicano.com\/index.php?rest_route=%2Fwp%2Fv2%2Ftags&post=155543"}],"curies":[{"name":"wp","href":"https:\/\/api.w.org\/{rel}","templated":true}]}}