{"id":155541,"date":"2010-11-03T21:08:21","date_gmt":"2010-11-03T21:08:21","guid":{"rendered":"http:\/\/diariodominicano.ddns.net\/?p=155541"},"modified":"2010-11-03T21:08:21","modified_gmt":"2010-11-03T21:08:21","slug":"en-franca-recuperacion-periodista-operado","status":"publish","type":"post","link":"https:\/\/diariodominicano.com\/?p=155541","title":{"rendered":"En franca recuperaci\u00f3n periodista operado"},"content":{"rendered":"<p><body><\/p>\n<p><img decoding=\"async\" src=\"http:\/\/localhost:8080\/justiciayderecho\/img3\/luis cardenas recuperacion.JPG\" \/>  <\/p>\n<\/p>\n<p><span class=\"text1noticias\">SANTO DOMINGO.- Sigue en franca recuperaci\u00f3n el periodista Luis Moreno C\u00e1rdenas,a quien se le practic\u00f3 una intervenci\u00f3n quir\u00fargica de la ves\u00edcula, (Colecistectom\u00eda Laparosc\u00f3pica); ayer martes en el Hospital Traumatol\u00f3gico Dr. Ney Arias Lora. <\/span><\/p>\n<\/p>\n<p><span class=\"text1noticias\">El paciente se convierte en el primer periodista operado en el Complejo Hospitalario Ciudad de la Salud. <\/span><\/p>\n<\/p>\n<p><span class=\"text1noticias\">Seg\u00fan informes de la relacionista p\u00fablico del hospital, Ada Guzm\u00e1n, C\u00e1rdenas, deposit\u00f3 toda su confianza en el equipo m\u00e9dico y param\u00e9dico que le atendi\u00f3, empezando por el director general del traumatol\u00f3gico doctor F\u00e9lix Hern\u00e1ndez.<\/span><\/p>\n<\/p>\n<p><span class=\"text1noticias\">?Todo el personal del hospital se integr\u00f3 durante la operaci\u00f3n a los fines de que la intervenci\u00f3n saliera bien?, dijo.<\/span><\/p>\n<\/p>\n<p><span class=\"text1noticias\">Indic\u00f3 que ma\u00f1ana jueves, Dios mediante, C\u00e1rdenas, estar\u00e1 en casita, recuper\u00e1ndose para integrarse a sus labores habituales.<\/span><\/p>\n<\/p>\n<p><span class=\"text1noticias\">C\u00e1rdenas, fue sometido a la operaci\u00f3n luego de que los m\u00e9dicos que le atend\u00edan determinaron tras el diagn\u00f3stico, la necesidad de la intervenci\u00f3n mediante una colecistectom\u00eda Laparosc\u00f3pica.<\/span><\/p>\n<\/p>\n<p><span class=\"text1noticias\">La operaci\u00f3n fue realizada por el cirujano laparocopista, Gustavo Rodr\u00edguez Blanco, gerente de cirug\u00eda del centro hospitalario; la doctora \u00c1ngela D\u00edaz, el Doctor Onofre Torres y el Anestesi\u00f3logo y cirujano, doctor Esteban Patrick S\u00e1nchez.<\/span><\/p>\n<\/p>\n<p><span class=\"text1noticias\">En la actualidad el veterano comunicador, nativo de Cotu\u00ed, quien adem\u00e1s es abogado, dirige los peri\u00f3dicos El Observador Independiente, para la regi\u00f3n del Nordeste y el Cibao Central y El Observador Online, en la red de Internet, adem\u00e1s de ser el encargado de prensa del Plan Nacional Quisqueya Verde y Gerente de Comunicaci\u00f3n del Hospital Traumatol\u00f3gico Ney Arias Lora.<\/span><\/p>\n<\/p>\n<p><span class=\"text1noticias\">El periodista ha laborado para diferentes medios de comunicaci\u00f3n, entre los que se encuentran El Siglo, del cual fue jefe de informaci\u00f3n, Editor de provincia del peri\u00f3dico Hoy, reportero del Palacio Nacional, para el peri\u00f3dico List\u00edn Diario, as\u00ed como reportero de los canales TV 13 y Radio Televisi\u00f3n Dominicana.<\/span><\/p>\n<\/p>\n<p><span class=\"text1noticias\">Adem\u00e1s ha laborado como encargado de personal del Ministerio de Trabajo, y director de Relaciones P\u00fablicas de varias instituciones del Estado.<\/span><\/p>\n<h6> 2010-11-03 21:08:21 <\/h6>\n<p><!--\n<link rel=\"stylesheet\" href=\"css\/bootstrap.min.css\">\n\n\n<ul class=\"pagination\">\n\t    \n\t\n\n<li >\n\t<a href='?page_no=30708'>Previous<\/a>\n\t<\/li>\n\n\n       \n    \n\n<li><a href='?page_no=1'>1<\/a><\/li>\n\n\n\n<li><a href='?page_no=2'>2<\/a><\/li>\n\n\n\n<li><a>...<\/a><\/li>\n\n\n\n<li><a href='?page_no=30707'>30707<\/a><\/li>\n\n\n\n<li><a href='?page_no=30708'>30708<\/a><\/li>\n\n\n\n<li class='active'><a>30709<\/a><\/li>\n\n\n\n<li><a href='?page_no=30710'>30710<\/a><\/li>\n\n\n\n<li><a href='?page_no=30711'>30711<\/a><\/li>\n\n\n\n<li><a>...<\/a><\/li>\n\n\n\n<li><a href='?page_no=31963'>31963<\/a><\/li>\n\n\n\n<li><a href='?page_no=31964'>31964<\/a><\/li>\n\n    \n\t\n\n<li >\n\t<a href='?page_no=30710'>Next<\/a>\n\t<\/li>\n\n\n    \n\n<li><a href='?page_no=31964'>Last &rsaquo;&rsaquo;<\/a><\/li>\n\n<\/ul>\n\n\n--><br \/>\n<\/body><\/p>\n","protected":false},"excerpt":{"rendered":"<p>SANTO DOMINGO.- Sigue en franca recuperaci\u00f3n el periodista Luis Moreno C\u00e1rdenas,a quien se le practic\u00f3 una intervenci\u00f3n quir\u00fargica de la ves\u00edcula, (Colecistectom\u00eda Laparosc\u00f3pica); ayer martes en el Hospital Traumatol\u00f3gico Dr. Ney Arias Lora. El paciente se convierte en el primer periodista operado en el Complejo Hospitalario Ciudad de la Salud. Seg\u00fan informes de la relacionista [&hellip;]<\/p>\n","protected":false},"author":3,"featured_media":0,"comment_status":"open","ping_status":"open","sticky":false,"template":"","format":"standard","meta":{"footnotes":""},"categories":[24],"tags":[],"class_list":["post-155541","post","type-post","status-publish","format-standard","hentry","category-justicia-y-derecho"],"_links":{"self":[{"href":"https:\/\/diariodominicano.com\/index.php?rest_route=\/wp\/v2\/posts\/155541","targetHints":{"allow":["GET"]}}],"collection":[{"href":"https:\/\/diariodominicano.com\/index.php?rest_route=\/wp\/v2\/posts"}],"about":[{"href":"https:\/\/diariodominicano.com\/index.php?rest_route=\/wp\/v2\/types\/post"}],"author":[{"embeddable":true,"href":"https:\/\/diariodominicano.com\/index.php?rest_route=\/wp\/v2\/users\/3"}],"replies":[{"embeddable":true,"href":"https:\/\/diariodominicano.com\/index.php?rest_route=%2Fwp%2Fv2%2Fcomments&post=155541"}],"version-history":[{"count":0,"href":"https:\/\/diariodominicano.com\/index.php?rest_route=\/wp\/v2\/posts\/155541\/revisions"}],"wp:attachment":[{"href":"https:\/\/diariodominicano.com\/index.php?rest_route=%2Fwp%2Fv2%2Fmedia&parent=155541"}],"wp:term":[{"taxonomy":"category","embeddable":true,"href":"https:\/\/diariodominicano.com\/index.php?rest_route=%2Fwp%2Fv2%2Fcategories&post=155541"},{"taxonomy":"post_tag","embeddable":true,"href":"https:\/\/diariodominicano.com\/index.php?rest_route=%2Fwp%2Fv2%2Ftags&post=155541"}],"curies":[{"name":"wp","href":"https:\/\/api.w.org\/{rel}","templated":true}]}}