{"id":155540,"date":"2010-11-03T22:10:12","date_gmt":"2010-11-03T22:10:12","guid":{"rendered":"http:\/\/diariodominicano.ddns.net\/?p=155540"},"modified":"2010-11-03T22:10:12","modified_gmt":"2010-11-03T22:10:12","slug":"haiti-registra-442-defunciones-por-colera","status":"publish","type":"post","link":"https:\/\/diariodominicano.com\/?p=155540","title":{"rendered":"Hait\u00ed registra 442 defunciones por c\u00f3lera"},"content":{"rendered":"<p><body><\/p>\n<p><img decoding=\"async\" src=\"http:\/\/localhost:8080\/justiciayderecho\/img3\/colera-en-haiti-ok-1-.jpg\" \/>  <\/p>\n<p><strong><span class=\"text1noticias\">   SANTO DOMINGO 3 de nov (Xinhua) &#8212; <\/span><\/strong><span class=\"text1noticias\">En los \u00faltimos cuatro d\u00edas Hait\u00ed registr\u00f3 105 nuevos fallecimientos a consecuencia del c\u00f3lera, con lo cual el n\u00famero de v\u00edctimas mortales asciende a 442, informaron hoy autoridades de salud del pa\u00eds antillano. <\/span><\/p>\n<\/p>\n<p><span class=\"text1noticias\">   En declaraciones a los medios locales, la directora de Salud Familiar del Ministerio de Salud P\u00fablica, Jocelyne Pierre Louis, indic\u00f3 que las personas hospitalizadas suman ya 6.742 y los departamentos m\u00e1s afectados son Artibonite (oeste) y Plateau Central (este), no obstante que tambi\u00e9n al oeste, noroeste y norte del pa\u00eds se han detectado casos. <\/span><\/p>\n<\/p>\n<p><span class=\"text1noticias\">   La funcionaria agreg\u00f3 que se han enviado equipos de salud a varias regiones del pa\u00eds con el prop\u00f3sito de agilizar las pruebas de diagn\u00f3stico entre la poblaci\u00f3n. <\/span><\/p>\n<\/p>\n<p><span class=\"text1noticias\">   La Misi\u00f3n de Naciones Unidas para la Estabilizaci\u00f3n de Hait\u00ed (Minustah) destac\u00f3 hoy \u00abla dificultad, incluso la imposibilidad\u00bb de explicar c\u00f3mo surgi\u00f3 el c\u00f3lera en Hait\u00ed<\/span><\/p>\n<h6> 2010-11-03 22:10:12 <\/h6>\n<p><!--\n<link rel=\"stylesheet\" href=\"css\/bootstrap.min.css\">\n\n\n<ul class=\"pagination\">\n\t    \n\t\n\n<li >\n\t<a href='?page_no=30707'>Previous<\/a>\n\t<\/li>\n\n\n       \n    \n\n<li><a href='?page_no=1'>1<\/a><\/li>\n\n\n\n<li><a href='?page_no=2'>2<\/a><\/li>\n\n\n\n<li><a>...<\/a><\/li>\n\n\n\n<li><a href='?page_no=30706'>30706<\/a><\/li>\n\n\n\n<li><a href='?page_no=30707'>30707<\/a><\/li>\n\n\n\n<li class='active'><a>30708<\/a><\/li>\n\n\n\n<li><a href='?page_no=30709'>30709<\/a><\/li>\n\n\n\n<li><a href='?page_no=30710'>30710<\/a><\/li>\n\n\n\n<li><a>...<\/a><\/li>\n\n\n\n<li><a href='?page_no=31963'>31963<\/a><\/li>\n\n\n\n<li><a href='?page_no=31964'>31964<\/a><\/li>\n\n    \n\t\n\n<li >\n\t<a href='?page_no=30709'>Next<\/a>\n\t<\/li>\n\n\n    \n\n<li><a href='?page_no=31964'>Last &rsaquo;&rsaquo;<\/a><\/li>\n\n<\/ul>\n\n\n--><br \/>\n<\/body><\/p>\n","protected":false},"excerpt":{"rendered":"<p>SANTO DOMINGO 3 de nov (Xinhua) &#8212; En los \u00faltimos cuatro d\u00edas Hait\u00ed registr\u00f3 105 nuevos fallecimientos a consecuencia del c\u00f3lera, con lo cual el n\u00famero de v\u00edctimas mortales asciende a 442, informaron hoy autoridades de salud del pa\u00eds antillano. En declaraciones a los medios locales, la directora de Salud Familiar del Ministerio de Salud [&hellip;]<\/p>\n","protected":false},"author":3,"featured_media":0,"comment_status":"open","ping_status":"open","sticky":false,"template":"","format":"standard","meta":{"footnotes":""},"categories":[24],"tags":[],"class_list":["post-155540","post","type-post","status-publish","format-standard","hentry","category-justicia-y-derecho"],"_links":{"self":[{"href":"https:\/\/diariodominicano.com\/index.php?rest_route=\/wp\/v2\/posts\/155540","targetHints":{"allow":["GET"]}}],"collection":[{"href":"https:\/\/diariodominicano.com\/index.php?rest_route=\/wp\/v2\/posts"}],"about":[{"href":"https:\/\/diariodominicano.com\/index.php?rest_route=\/wp\/v2\/types\/post"}],"author":[{"embeddable":true,"href":"https:\/\/diariodominicano.com\/index.php?rest_route=\/wp\/v2\/users\/3"}],"replies":[{"embeddable":true,"href":"https:\/\/diariodominicano.com\/index.php?rest_route=%2Fwp%2Fv2%2Fcomments&post=155540"}],"version-history":[{"count":0,"href":"https:\/\/diariodominicano.com\/index.php?rest_route=\/wp\/v2\/posts\/155540\/revisions"}],"wp:attachment":[{"href":"https:\/\/diariodominicano.com\/index.php?rest_route=%2Fwp%2Fv2%2Fmedia&parent=155540"}],"wp:term":[{"taxonomy":"category","embeddable":true,"href":"https:\/\/diariodominicano.com\/index.php?rest_route=%2Fwp%2Fv2%2Fcategories&post=155540"},{"taxonomy":"post_tag","embeddable":true,"href":"https:\/\/diariodominicano.com\/index.php?rest_route=%2Fwp%2Fv2%2Ftags&post=155540"}],"curies":[{"name":"wp","href":"https:\/\/api.w.org\/{rel}","templated":true}]}}