{"id":155539,"date":"2010-11-03T22:42:27","date_gmt":"2010-11-03T22:42:27","guid":{"rendered":"http:\/\/diariodominicano.ddns.net\/?p=155539"},"modified":"2010-11-03T22:42:27","modified_gmt":"2010-11-03T22:42:27","slug":"edesur-informa-trabajos-preventivos-en-pedernales","status":"publish","type":"post","link":"https:\/\/diariodominicano.com\/?p=155539","title":{"rendered":"Edesur informa trabajos preventivos en Pedernales"},"content":{"rendered":"<p><body><\/p>\n<p><em><strong><span class=\"text1noticias\">Dispone medidas adicionales preventivas ante los posibles efectos que pueda ocasionar la depresi\u00f3n tropical Tomas<\/span><\/strong><\/em><\/p>\n<p><em><strong><span class=\"text1noticias\">Santo Domingo.-<\/span><\/strong><\/em><span class=\"text1noticias\"><span class=\"text1noticias\">Edesur Dominicana (Edesur) inform\u00f3 que debido a labores preventivas para evitar la ocurrencia de aver\u00edas en las redes, ante el paso por la zona de la depresi\u00f3n tropical Tomas, brigadas de la empresa estar\u00e1n realizando trabajos de poda de \u00e1rboles en la zona  de Pedernales, lo que obligar\u00e1 a interrumpir el servicio el\u00e9ctrico durante el horario de 11 de la ma\u00f1ana a una de la tarde.<\/span><\/span><\/p>\n<\/p>\n<p><span class=\"text1noticias\">Adem\u00e1s Edesur precisa que ha dispuesto medidas adicionales preventivas ante los posibles efectos que pueda ocasionar el fen\u00f3meno atmosf\u00e9rico.<\/span><\/p>\n<\/p>\n<p><span class=\"text1noticias\">Edesur ha dispuesto personal t\u00e9cnico adicional y un cami\u00f3n canasta en Pedernales para solucionar cualquier da\u00f1o que pueda ocurrir en las redes de distribuci\u00f3n de electricidad.<\/span><\/p>\n<\/p>\n<p><span class=\"text1noticias\">Edesur exhort\u00f3 a la poblaci\u00f3n de Pedernales comunicar cualquier situaci\u00f3n o problema que se presente en la zona con el suministro de electricidad, como consecuencia de la situaci\u00f3n clim\u00e1tica.<\/span><\/p>\n<\/p>\n<p><span class=\"text1noticias\">A trav\u00e9s de un comunicado de la gerencia de Comunicaciones, Edesur pidi\u00f3 disculpas ante los inconvenientes causados debido s los trabajos referidos.<\/span><\/p>\n<h6> 2010-11-03 22:42:27 <\/h6>\n<p><!--\n<link rel=\"stylesheet\" href=\"css\/bootstrap.min.css\">\n\n\n<ul class=\"pagination\">\n\t    \n\t\n\n<li >\n\t<a href='?page_no=30706'>Previous<\/a>\n\t<\/li>\n\n\n       \n    \n\n<li><a href='?page_no=1'>1<\/a><\/li>\n\n\n\n<li><a href='?page_no=2'>2<\/a><\/li>\n\n\n\n<li><a>...<\/a><\/li>\n\n\n\n<li><a href='?page_no=30705'>30705<\/a><\/li>\n\n\n\n<li><a href='?page_no=30706'>30706<\/a><\/li>\n\n\n\n<li class='active'><a>30707<\/a><\/li>\n\n\n\n<li><a href='?page_no=30708'>30708<\/a><\/li>\n\n\n\n<li><a href='?page_no=30709'>30709<\/a><\/li>\n\n\n\n<li><a>...<\/a><\/li>\n\n\n\n<li><a href='?page_no=31963'>31963<\/a><\/li>\n\n\n\n<li><a href='?page_no=31964'>31964<\/a><\/li>\n\n    \n\t\n\n<li >\n\t<a href='?page_no=30708'>Next<\/a>\n\t<\/li>\n\n\n    \n\n<li><a href='?page_no=31964'>Last &rsaquo;&rsaquo;<\/a><\/li>\n\n<\/ul>\n\n\n--><br \/>\n<\/body><\/p>\n","protected":false},"excerpt":{"rendered":"<p>Dispone medidas adicionales preventivas ante los posibles efectos que pueda ocasionar la depresi\u00f3n tropical Tomas Santo Domingo.-Edesur Dominicana (Edesur) inform\u00f3 que debido a labores preventivas para evitar la ocurrencia de aver\u00edas en las redes, ante el paso por la zona de la depresi\u00f3n tropical Tomas, brigadas de la empresa estar\u00e1n realizando trabajos de poda de [&hellip;]<\/p>\n","protected":false},"author":3,"featured_media":0,"comment_status":"open","ping_status":"open","sticky":false,"template":"","format":"standard","meta":{"footnotes":""},"categories":[24],"tags":[],"class_list":["post-155539","post","type-post","status-publish","format-standard","hentry","category-justicia-y-derecho"],"_links":{"self":[{"href":"https:\/\/diariodominicano.com\/index.php?rest_route=\/wp\/v2\/posts\/155539","targetHints":{"allow":["GET"]}}],"collection":[{"href":"https:\/\/diariodominicano.com\/index.php?rest_route=\/wp\/v2\/posts"}],"about":[{"href":"https:\/\/diariodominicano.com\/index.php?rest_route=\/wp\/v2\/types\/post"}],"author":[{"embeddable":true,"href":"https:\/\/diariodominicano.com\/index.php?rest_route=\/wp\/v2\/users\/3"}],"replies":[{"embeddable":true,"href":"https:\/\/diariodominicano.com\/index.php?rest_route=%2Fwp%2Fv2%2Fcomments&post=155539"}],"version-history":[{"count":0,"href":"https:\/\/diariodominicano.com\/index.php?rest_route=\/wp\/v2\/posts\/155539\/revisions"}],"wp:attachment":[{"href":"https:\/\/diariodominicano.com\/index.php?rest_route=%2Fwp%2Fv2%2Fmedia&parent=155539"}],"wp:term":[{"taxonomy":"category","embeddable":true,"href":"https:\/\/diariodominicano.com\/index.php?rest_route=%2Fwp%2Fv2%2Fcategories&post=155539"},{"taxonomy":"post_tag","embeddable":true,"href":"https:\/\/diariodominicano.com\/index.php?rest_route=%2Fwp%2Fv2%2Ftags&post=155539"}],"curies":[{"name":"wp","href":"https:\/\/api.w.org\/{rel}","templated":true}]}}