{"id":155538,"date":"2010-11-04T13:09:49","date_gmt":"2010-11-04T13:09:49","guid":{"rendered":"http:\/\/diariodominicano.ddns.net\/?p=155538"},"modified":"2010-11-04T13:09:49","modified_gmt":"2010-11-04T13:09:49","slug":"mpd-pide-renuncia-de-melanio-paredes-por-incapacidad-con-desayuno-escolar","status":"publish","type":"post","link":"https:\/\/diariodominicano.com\/?p=155538","title":{"rendered":"MPD pide renuncia de Melanio Paredes por incapacidad con desayuno escolar"},"content":{"rendered":"<p><body><\/p>\n<p><img decoding=\"async\" src=\"http:\/\/localhost:8080\/justiciayderecho\/img3\/Fernando Hernandez.JPG\" \/>  <\/p>\n<\/p>\n<p><span class=\"text1noticias\">Santo Domingo, 04 Nov 2010.- El Movimiento Popular Dominicano -MPD-, rechaz\u00f3 las pretensiones del Ministerio de Educaci\u00f3n de traspasar el desayuno escolar al Programa Solidaridad, pues con ello, el gobierno lo que pretende es politizar \u00e9sta importante conquista del estudiantado dominicano. <\/span><\/p>\n<\/p>\n<p><span class=\"text1noticias\">Fernando Hern\u00e1ndez, vocero nacional del MPD, consider\u00f3 que la deficiencias en el Programa de Alimentaci\u00f3n Escolar y las sucesivas intoxicaciones, que hasta ahora no han sido aclaradas para la tranquilidad de la comunidad educativa, pone en evidencia la incapacidad del Ministro de Educaci\u00f3n, Melanio Paredes, por lo que debe renunciar o ser sustituido de inmediato por disposici\u00f3n  del presidente Leonel Fern\u00e1ndez.<\/span><\/p>\n<\/p>\n<p><span class=\"text1noticias\">\u00a8Existe la pretensi\u00f3n de eliminar el desayuno escolar, pues ello representar\u00eda un ahorro diario de 18 millones de pesos y las intoxicaciones que vienen ocurriendo \u00faltimamente parecen ser provocadas para justificar su eliminaci\u00f3n\u00a8, dijo Hern\u00e1ndez.  \u00abLa otra posibilidad planteada es pasarlo al Programa Solidaridad, lo que significar\u00e1 m\u00e1s corrupci\u00f3n y la oportunidad de usarlo pol\u00edticamente con fines reeleccionista, por lo que tambi\u00e9n la rechazamos\u00a8.<\/span><\/p>\n<\/p>\n<p><span class=\"text1noticias\">Llam\u00f3 a los sectores que inciden en la educaci\u00f3n dominicana, los grupos estudiantiles, asociaciones de padres y amigos, y muy especialmente la Asociaci\u00f3n Dominicana de profesores (ADP), a poner todas sus energ\u00edas a favor de preservar \u00e9sta importante conquista del sector m\u00e1s sensible de la educaci\u00f3n dominicana, el estudiantado nacional.<\/span><\/p>\n<\/p>\n<p><span class=\"text1noticias\">El vocero del MPD demand\u00f3 del gobierno y Ministerio de Educaci\u00f3n elevar la calidad y eficiencia del Programa de Alimentaci\u00f3n Escolar, haciendo las inversiones requeridas, con la finalidad de favorecer a la juventud estudiosa del pa\u00eds.<\/span><\/p>\n<\/p>\n<p><span class=\"text1noticias\">Hern\u00e1ndez se\u00f1al\u00f3, que una vez mas el gobierno de Fern\u00e1ndez y el PLD, ponen en evidencia, su incapacidad para continuar dirigiendo los destinos nacionales, por lo que hace un llamado a la izquierda revolucionaria y sectores progresistas, a forjar una gran unidad nacional por una Rep\u00fablica democr\u00e1tica.<\/span><\/p>\n<h6> 2010-11-04 13:09:49 <\/h6>\n<p><!--\n<link rel=\"stylesheet\" href=\"css\/bootstrap.min.css\">\n\n\n<ul class=\"pagination\">\n\t    \n\t\n\n<li >\n\t<a href='?page_no=30705'>Previous<\/a>\n\t<\/li>\n\n\n       \n    \n\n<li><a href='?page_no=1'>1<\/a><\/li>\n\n\n\n<li><a href='?page_no=2'>2<\/a><\/li>\n\n\n\n<li><a>...<\/a><\/li>\n\n\n\n<li><a href='?page_no=30704'>30704<\/a><\/li>\n\n\n\n<li><a href='?page_no=30705'>30705<\/a><\/li>\n\n\n\n<li class='active'><a>30706<\/a><\/li>\n\n\n\n<li><a href='?page_no=30707'>30707<\/a><\/li>\n\n\n\n<li><a href='?page_no=30708'>30708<\/a><\/li>\n\n\n\n<li><a>...<\/a><\/li>\n\n\n\n<li><a href='?page_no=31963'>31963<\/a><\/li>\n\n\n\n<li><a href='?page_no=31964'>31964<\/a><\/li>\n\n    \n\t\n\n<li >\n\t<a href='?page_no=30707'>Next<\/a>\n\t<\/li>\n\n\n    \n\n<li><a href='?page_no=31964'>Last &rsaquo;&rsaquo;<\/a><\/li>\n\n<\/ul>\n\n\n--><br \/>\n<\/body><\/p>\n","protected":false},"excerpt":{"rendered":"<p>Santo Domingo, 04 Nov 2010.- El Movimiento Popular Dominicano -MPD-, rechaz\u00f3 las pretensiones del Ministerio de Educaci\u00f3n de traspasar el desayuno escolar al Programa Solidaridad, pues con ello, el gobierno lo que pretende es politizar \u00e9sta importante conquista del estudiantado dominicano. Fernando Hern\u00e1ndez, vocero nacional del MPD, consider\u00f3 que la deficiencias en el Programa de [&hellip;]<\/p>\n","protected":false},"author":3,"featured_media":0,"comment_status":"open","ping_status":"open","sticky":false,"template":"","format":"standard","meta":{"footnotes":""},"categories":[24],"tags":[],"class_list":["post-155538","post","type-post","status-publish","format-standard","hentry","category-justicia-y-derecho"],"_links":{"self":[{"href":"https:\/\/diariodominicano.com\/index.php?rest_route=\/wp\/v2\/posts\/155538","targetHints":{"allow":["GET"]}}],"collection":[{"href":"https:\/\/diariodominicano.com\/index.php?rest_route=\/wp\/v2\/posts"}],"about":[{"href":"https:\/\/diariodominicano.com\/index.php?rest_route=\/wp\/v2\/types\/post"}],"author":[{"embeddable":true,"href":"https:\/\/diariodominicano.com\/index.php?rest_route=\/wp\/v2\/users\/3"}],"replies":[{"embeddable":true,"href":"https:\/\/diariodominicano.com\/index.php?rest_route=%2Fwp%2Fv2%2Fcomments&post=155538"}],"version-history":[{"count":0,"href":"https:\/\/diariodominicano.com\/index.php?rest_route=\/wp\/v2\/posts\/155538\/revisions"}],"wp:attachment":[{"href":"https:\/\/diariodominicano.com\/index.php?rest_route=%2Fwp%2Fv2%2Fmedia&parent=155538"}],"wp:term":[{"taxonomy":"category","embeddable":true,"href":"https:\/\/diariodominicano.com\/index.php?rest_route=%2Fwp%2Fv2%2Fcategories&post=155538"},{"taxonomy":"post_tag","embeddable":true,"href":"https:\/\/diariodominicano.com\/index.php?rest_route=%2Fwp%2Fv2%2Ftags&post=155538"}],"curies":[{"name":"wp","href":"https:\/\/api.w.org\/{rel}","templated":true}]}}