{"id":155536,"date":"2010-11-04T14:26:24","date_gmt":"2010-11-04T14:26:24","guid":{"rendered":"http:\/\/diariodominicano.ddns.net\/?p=155536"},"modified":"2010-11-04T14:26:24","modified_gmt":"2010-11-04T14:26:24","slug":"foro-agropecuario-advierte-cientos-de-personas-mueren-en-el-campo-por-mala-aplicacion-pesticidas","status":"publish","type":"post","link":"https:\/\/diariodominicano.com\/?p=155536","title":{"rendered":"Foro Agropecuario advierte cientos de personas mueren en el campo por mala aplicaci\u00f3n pesticidas"},"content":{"rendered":"<p><body><\/p>\n<p><span class=\"text1noticias\">Santo Domingo, RD 04 nov 2010.-  En la Rep\u00fablica Dominicana \u00abhay que poner m\u00e1s cuidado con las aplicaciones de los pesticidas, ll\u00e1mese como se llame, porque todos los pesticidas contienen sustancias t\u00f3xicas\u00bb, advirti\u00f3 el Foro Agropecuario Dominicano en las conclusiones de un seminario sobre esta actividad celebrado en esta capital.<\/span><\/p>\n<\/p>\n<p><span class=\"text1noticias\">El vocero del Foro y diputado al Parlamento Centroamericano (PARLACEN), ingeniero agr\u00f3nomo Sebastino Brito, dijo que en la actividad se trat\u00f3 sobre \u00abLos agroqu\u00edmicos en la Rep\u00fablica Dominicana\u00bb.<\/span><\/p>\n<\/p>\n<p><span class=\"text1noticias\">Brito manifest\u00f3 que la plenaria del Foro Agropecuario hizo un llamado a todos los sectores, especialmente a las casas que venden agroqu\u00edmicos, \u00abpara que se ponga m\u00e1s cuidado\u00bb a la hora de recomendar estos productos a los hombres del campo.<\/span><\/p>\n<\/p>\n<p><span class=\"text1noticias\">\u00abSe les hizo un llamado a FERQUIDO y a FERSAN que son las compa\u00f1\u00edas que m\u00e1s venden de esos productos, a fin de que haya m\u00e1s educaci\u00f3n, pero con la paradoja de que hay que hacer educaci\u00f3n con campesinos que son analfabetas y no pueden leer las etiquetas, por lo que se requiere de un t\u00e9cnico que los oriente porque, de lo contrario, se estar\u00e1 envenenando \u00e9l y estar\u00e1 envenenando al pueblo\u00bb, acentu\u00f3 el ingeniero agr\u00f3nomo Brito.<\/span><\/p>\n<\/p>\n<p><span class=\"text1noticias\">Plante\u00f3 la necesidad de educar a los productores para que sepan en qu\u00e9 momentos hay que aplicar los agroqu\u00edmicos, c\u00f3mo aplicarlos y a qu\u00e9 hora, con tal de que esos productos no hagan da\u00f1os a los consumidores.<\/span><\/p>\n<\/p>\n<p><span class=\"text1noticias\">\u00abA la conclusi\u00f3n que llegamos es que hay que ser cuidadoso porque se est\u00e1 haciendo da\u00f1os a los productos y se est\u00e1 haciendo da\u00f1os a los consumidores\u00bb, enfatiz\u00f3 el ingeniero agr\u00f3nomo Brito, tambi\u00e9n uno de los voceros del sector agropecuario del Partido de la Liberaci\u00f3n Dominicana (PLD).<\/span><\/p>\n<\/p>\n<p><span class=\"text1noticias\">Explic\u00f3 que a veces el mercado est\u00e1 abarrotado de productos agr\u00edcolas, pero que \u00e9stos tienen elevados niveles de toxicidad porque le quedan residuos de pesticidas, lo que atribuy\u00f3 a que no existe una orientaci\u00f3n a los productores sobre c\u00f3mo aplicar los agroqu\u00edmicos.<\/span><\/p>\n<\/p>\n<p><span class=\"text1noticias\">Responsabiliza a Agricultura<\/span><\/p>\n<p><span class=\"text1noticias\">Brito responsabiliz\u00f3 de esta situaci\u00f3n a las instituciones que tienen que ver con la regulaci\u00f3n de esta situaci\u00f3n, espec\u00edficamente el Ministerio de Agricultura que, seg\u00fan dijo, ?aunque est\u00e1 hablando que se est\u00e1 produciendo el 82% de los productos que consumimos; sin embargo no se est\u00e1 poniendo cuidado para llevar la transferencia de tecnolog\u00eda para la aplicaci\u00f3n de esos productos?.<\/span><\/p>\n<\/p>\n<p><span class=\"text1noticias\">\u00abEn este momento ni hay extensi\u00f3n agropecuaria ni hay capacitaci\u00f3n, ni para los t\u00e9cnicos ni para los productores\u00bb, deplor\u00f3 el presidente del Foro Agropecuario.<\/span><\/p>\n<\/p>\n<p><span class=\"text1noticias\">Signific\u00f3 que todav\u00eda aqu\u00ed se usan agroqu\u00edmicos que est\u00e1n prohibidos en otros pa\u00edses porque se ha comprobado que son da\u00f1inos a la salud. Se refiri\u00f3 muy particularmente a los productos clorinados que dijo son t\u00f3xicos y que no son consentidos en mercados de la Uni\u00f3n Europea ni de Estados Unidos.<\/span><\/p>\n<\/p>\n<p><span class=\"text1noticias\">\u00abPero el gran problema de Rep\u00fablica Dominicana es que la extensi\u00f3n ha desaparecido, no se est\u00e1 haciendo programas de extensi\u00f3n para orientar a los productores de c\u00f3mo aplicar esos productos, as\u00ed como la calibraci\u00f3n de los equipos para aplicarlos, en qu\u00e9 cantidad y en qu\u00e9 momento del producto, antes de cosecharlo, se le puede aplicar el pesticida\u00bb, subray\u00f3.<\/span><\/p>\n<\/p>\n<p><span class=\"text1noticias\">C\u00e1ncer y otras enfermedades<\/span><\/p>\n<p><span class=\"text1noticias\">Lament\u00f3 que a causa del desconocimiento en muchos lugares aplican, de manera desordenada, pesticidas residuales a los productos ya montados en el cami\u00f3n o en la camioneta, lo que -resalt\u00f3- va directamente al consumidor.  \u00abAl comerse esos productos con residuos de pesticidas, hoy en d\u00eda tenemos c\u00e1ncer, tenemos una cantidad de enfermedades que afectan a los humanos por la falta de cuidados\u00bb, subray\u00f3 Brito.<\/span><\/p>\n<\/p>\n<p><span class=\"text1noticias\">Critic\u00f3 que el Ministerio de Agricultura teniendo los recursos humanos necesarios, como son los profesionales agropecuarios que realizan las transferencias de tecnolog\u00edas, \u00abha abandonado casi por completo el programa de extensi\u00f3n\u00bb.<\/span><\/p>\n<\/p>\n<p><span class=\"text1noticias\">Entiende que tambi\u00e9n hay que acudir al Ministerio de Salud P\u00fablica para determinar la cantidad de personas que muere a causa del mal manejo de pesticidas, que dijo son \u00abmuch\u00edsimas\u00bb.<\/span><\/p>\n<\/p>\n<p><span class=\"text1noticias\">Cientos mueren en el campo<\/span><\/p>\n<p><span class=\"text1noticias\">Sostuvo que aunque no se puede establecer un n\u00famero espec\u00edfico, son cientos de personas que han muerto en el campo\u00bb a consecuencia de la mal uso de los agroqu\u00edmicos, ya que seg\u00fan precisaron los especialistas que presidieron el foro \u00abaplicar esos productos sin camisas, sin guantes, sin caretas y gente que no conocen esos productos se montan una bomba encima y terminan intoxicados\u00bb.<\/span><\/p>\n<\/p>\n<p><span class=\"text1noticias\">Brito signific\u00f3 que los residuos tambi\u00e9n est\u00e1n haciendo da\u00f1os al pueblo consumidor que sin saber el manejo de los productos agr\u00edcolas los consume y le da dolores de barriga y otros malestares, ?y cuando viene a ver son residuos de pesticidas que quedaron en esos productos?.<\/span><\/p>\n<\/p>\n<p><span class=\"text1noticias\">Explic\u00f3 que existen reglamentos que se\u00f1alan que a determinado producto y a tal tiempo, antes de cosecharlo no se le puede aplicar pesticidas, pero como no hay orientaci\u00f3n al productor \u00e9ste lo aplica antes de enviarlo al mercado y termina afectando al consumidor.<\/span><\/p>\n<\/p>\n<p><span class=\"text1noticias\">Se\u00f1al\u00f3 que los repollos, lechugas y los dem\u00e1s productos que se le aplican pesticidas est\u00e1n expuestos a esta situaci\u00f3n, por lo que entiende que hay que ser m\u00e1s cuidado en el uso de esos productos y el Ministerio de Agricultura tiene los t\u00e9cnicos para prevenir esa situaci\u00f3n.<\/span><\/p>\n<\/p>\n<p><span class=\"text1noticias\">\u00abLas zonas y subzonas de Agricultura est\u00e1n abandonadas, donde no llega un gal\u00f3n de gasolina ni un veh\u00edculo para un t\u00e9cnico; eso es letra muerta, entonces c\u00f3mo es posible hacer transferencia de tecnolog\u00eda sin condiciones para eso; t\u00e9cnicos ganando 7, 8 y 10 mil pesos, no se le compra un motor, no se le compra una camioneta y cuando llegan los veh\u00edculos entonces se lo dan a dos o tres guardias y polic\u00edas de esos que est\u00e1n en las instituciones, que son los jefes en estos momentos\u00bb, expres\u00f3 el diputado al PARLACEN y presidente del Foro Agropecuario Dominicano.<\/span><\/p>\n<\/p>\n<p><span class=\"text1noticias\">T\u00e9cnicos viven en la miseria<\/span><\/p>\n<p><span class=\"text1noticias\">Consider\u00f3 que en las condiciones se\u00f1aladas los t\u00e9cnicos agropecuarios no pueden competir con los de las empresas privadas que promueven el uso de esos pesticidas, ya que \u00e9stos \u00faltimos andan en veh\u00edculos del a\u00f1o, con aire acondicionado y un paquete tecnol\u00f3gico que es el que venden a ese productor.<\/span><\/p>\n<\/p>\n<p><span class=\"text1noticias\">?Ese productor no va a hacer caso al t\u00e9cnico de las instituciones agropecuarias porque, adem\u00e1s de no tener recursos, no tener combustibles, no tener veh\u00edculos, va de forma mal presentada porque lo que gana no le da ni siquiera para comprar esa camisa?, insisti\u00f3 Brito.<\/span><\/p>\n<\/p>\n<p><span class=\"text1noticias\">Plantea que en el sector agropecuario o se es mal agradecido o se es sinverg\u00fcenza, ya que si son los t\u00e9cnicos extensionistas son los que hacen que se produzca el 82% de la producci\u00f3n de consumo nacional, c\u00f3mo es posible que \u00e9stos \u00abvivan en esa miseria y el Ministerio de Agricultura no le proporcione ni los veh\u00edculos, ni los recursos para hacer las transferencias de tecnolog\u00edas\u00bb.<\/span><\/p>\n<\/p>\n<p><span class=\"text1noticias\">Brito recalc\u00f3 que el programa de Extensi\u00f3n ha desaparecido del Ministerio de Agricultura, as\u00ed como el Departamento de Organizaci\u00f3n Rural que dijo \u00abse puede decir que no existe\u00bb, a pesar de que era el canal que serv\u00eda para organizar a los productores y para llevar las tecnolog\u00edas.<\/span><\/p>\n<\/p>\n<p><span class=\"text1noticias\">En el evento expusieron los especialistas Clara Bueno, experta en sanidad vegetal y pesticidas; y el empresario V\u00edctor Torres, quien represent\u00f3 a la firma internacional Angloamericana. Tambi\u00e9n, M\u00e1ximo Popa, de la Asociaci\u00f3n Nacional  de Profesionales Agropecuarios (ANPA), que enfoc\u00f3 el problema de los agr\u00f3nomos y el actual abandono del sector.<\/span><\/p>\n<\/p>\n<p><span class=\"text1noticias\">Estuvieron presentes, el presidente del CODIA, Domingo Mateo, que tambi\u00e9n habl\u00f3 de los bajos salarios que devengan los profesionales agropecuarios, y el presidente de la Asociaci\u00f3n de M\u00e9dicos Veterinarios, Sigfrido Nu\u00f1ez, que adem\u00e1s de los salarios expuso sobre el incumplimiento de las autoridades a promesas hechas a los profesionales del sector.<\/span><\/p>\n<\/p>\n<h6> 2010-11-04 14:26:24 <\/h6>\n<p><!--\n<link rel=\"stylesheet\" href=\"css\/bootstrap.min.css\">\n\n\n<ul class=\"pagination\">\n\t    \n\t\n\n<li >\n\t<a href='?page_no=30703'>Previous<\/a>\n\t<\/li>\n\n\n       \n    \n\n<li><a href='?page_no=1'>1<\/a><\/li>\n\n\n\n<li><a href='?page_no=2'>2<\/a><\/li>\n\n\n\n<li><a>...<\/a><\/li>\n\n\n\n<li><a href='?page_no=30702'>30702<\/a><\/li>\n\n\n\n<li><a href='?page_no=30703'>30703<\/a><\/li>\n\n\n\n<li class='active'><a>30704<\/a><\/li>\n\n\n\n<li><a href='?page_no=30705'>30705<\/a><\/li>\n\n\n\n<li><a href='?page_no=30706'>30706<\/a><\/li>\n\n\n\n<li><a>...<\/a><\/li>\n\n\n\n<li><a href='?page_no=31963'>31963<\/a><\/li>\n\n\n\n<li><a href='?page_no=31964'>31964<\/a><\/li>\n\n    \n\t\n\n<li >\n\t<a href='?page_no=30705'>Next<\/a>\n\t<\/li>\n\n\n    \n\n<li><a href='?page_no=31964'>Last &rsaquo;&rsaquo;<\/a><\/li>\n\n<\/ul>\n\n\n--><br \/>\n<\/body><\/p>\n","protected":false},"excerpt":{"rendered":"<p>Santo Domingo, RD 04 nov 2010.- En la Rep\u00fablica Dominicana \u00abhay que poner m\u00e1s cuidado con las aplicaciones de los pesticidas, ll\u00e1mese como se llame, porque todos los pesticidas contienen sustancias t\u00f3xicas\u00bb, advirti\u00f3 el Foro Agropecuario Dominicano en las conclusiones de un seminario sobre esta actividad celebrado en esta capital. El vocero del Foro y [&hellip;]<\/p>\n","protected":false},"author":3,"featured_media":0,"comment_status":"open","ping_status":"open","sticky":false,"template":"","format":"standard","meta":{"footnotes":""},"categories":[24],"tags":[],"class_list":["post-155536","post","type-post","status-publish","format-standard","hentry","category-justicia-y-derecho"],"_links":{"self":[{"href":"https:\/\/diariodominicano.com\/index.php?rest_route=\/wp\/v2\/posts\/155536","targetHints":{"allow":["GET"]}}],"collection":[{"href":"https:\/\/diariodominicano.com\/index.php?rest_route=\/wp\/v2\/posts"}],"about":[{"href":"https:\/\/diariodominicano.com\/index.php?rest_route=\/wp\/v2\/types\/post"}],"author":[{"embeddable":true,"href":"https:\/\/diariodominicano.com\/index.php?rest_route=\/wp\/v2\/users\/3"}],"replies":[{"embeddable":true,"href":"https:\/\/diariodominicano.com\/index.php?rest_route=%2Fwp%2Fv2%2Fcomments&post=155536"}],"version-history":[{"count":0,"href":"https:\/\/diariodominicano.com\/index.php?rest_route=\/wp\/v2\/posts\/155536\/revisions"}],"wp:attachment":[{"href":"https:\/\/diariodominicano.com\/index.php?rest_route=%2Fwp%2Fv2%2Fmedia&parent=155536"}],"wp:term":[{"taxonomy":"category","embeddable":true,"href":"https:\/\/diariodominicano.com\/index.php?rest_route=%2Fwp%2Fv2%2Fcategories&post=155536"},{"taxonomy":"post_tag","embeddable":true,"href":"https:\/\/diariodominicano.com\/index.php?rest_route=%2Fwp%2Fv2%2Ftags&post=155536"}],"curies":[{"name":"wp","href":"https:\/\/api.w.org\/{rel}","templated":true}]}}