{"id":155535,"date":"2010-11-04T15:26:22","date_gmt":"2010-11-04T15:26:22","guid":{"rendered":"http:\/\/diariodominicano.ddns.net\/?p=155535"},"modified":"2010-11-04T15:26:22","modified_gmt":"2010-11-04T15:26:22","slug":"trasladan-a-freddy-beras-goico-a-estados-unidos","status":"publish","type":"post","link":"https:\/\/diariodominicano.com\/?p=155535","title":{"rendered":"&#13;Trasladan a Freddy Beras Goico a Estados Unidos"},"content":{"rendered":"<p><body><\/p>\n<p><span class=\"text1noticias\">Santo Domingo, RD, 04 nov 2010.- El productor de televisi\u00f3n y humorista Freddy Beras Goico fue trasladado a Nueva York este ma\u00f1ana  en condiciones que, aunque no son de gravedad, son de cuidado.<\/span><\/p>\n<\/p>\n<p><span class=\"text1noticias\">Beras Goico llevaba interno tres d\u00edas en el Centro de Medicina y Telemedicina Avanzada (Cedimat) aquejado de una infecci\u00f3n bacteriana abdominal.<\/span><\/p>\n<\/p>\n<p><span class=\"text1noticias\">Su hijo, GianCarlos, Beras, dijo que Freddy se encontraba de buen \u00e1nimo y conversando antes del traslado.<\/span><\/p>\n<\/p>\n<p><span class=\"text1noticias\">Aclar\u00f3 que la infecci\u00f3n no tiene nada que ver con el c\u00e1ncer de p\u00e1ncreas que hace cuatro a\u00f1os se le detect\u00f3 y por lo que fue intervenido en Boston.<\/span><\/p>\n<\/p>\n<p><span class=\"text1noticias\">Dijo que su traslado es porque los m\u00e9dicos que lo atendieron hace un mes en Nueva York, quieren examinarlo de nuevo, pero que no por nada malo.<\/span><\/p>\n<\/p>\n<p><span class=\"text1noticias\">Agreg\u00f3 que su padre es trasladado en un avi\u00f3n ambulancia, y no en vuelo regular para su descanso.  <\/span><\/p>\n<\/p>\n<\/p>\n<h6> 2010-11-04 15:26:22 <\/h6>\n<p><!--\n<link rel=\"stylesheet\" href=\"css\/bootstrap.min.css\">\n\n\n<ul class=\"pagination\">\n\t    \n\t\n\n<li >\n\t<a href='?page_no=30702'>Previous<\/a>\n\t<\/li>\n\n\n       \n    \n\n<li><a href='?page_no=1'>1<\/a><\/li>\n\n\n\n<li><a href='?page_no=2'>2<\/a><\/li>\n\n\n\n<li><a>...<\/a><\/li>\n\n\n\n<li><a href='?page_no=30701'>30701<\/a><\/li>\n\n\n\n<li><a href='?page_no=30702'>30702<\/a><\/li>\n\n\n\n<li class='active'><a>30703<\/a><\/li>\n\n\n\n<li><a href='?page_no=30704'>30704<\/a><\/li>\n\n\n\n<li><a href='?page_no=30705'>30705<\/a><\/li>\n\n\n\n<li><a>...<\/a><\/li>\n\n\n\n<li><a href='?page_no=31963'>31963<\/a><\/li>\n\n\n\n<li><a href='?page_no=31964'>31964<\/a><\/li>\n\n    \n\t\n\n<li >\n\t<a href='?page_no=30704'>Next<\/a>\n\t<\/li>\n\n\n    \n\n<li><a href='?page_no=31964'>Last &rsaquo;&rsaquo;<\/a><\/li>\n\n<\/ul>\n\n\n--><br \/>\n<\/body><\/p>\n","protected":false},"excerpt":{"rendered":"<p>Santo Domingo, RD, 04 nov 2010.- El productor de televisi\u00f3n y humorista Freddy Beras Goico fue trasladado a Nueva York este ma\u00f1ana en condiciones que, aunque no son de gravedad, son de cuidado. Beras Goico llevaba interno tres d\u00edas en el Centro de Medicina y Telemedicina Avanzada (Cedimat) aquejado de una infecci\u00f3n bacteriana abdominal. Su [&hellip;]<\/p>\n","protected":false},"author":3,"featured_media":0,"comment_status":"open","ping_status":"open","sticky":false,"template":"","format":"standard","meta":{"footnotes":""},"categories":[24],"tags":[],"class_list":["post-155535","post","type-post","status-publish","format-standard","hentry","category-justicia-y-derecho"],"_links":{"self":[{"href":"https:\/\/diariodominicano.com\/index.php?rest_route=\/wp\/v2\/posts\/155535","targetHints":{"allow":["GET"]}}],"collection":[{"href":"https:\/\/diariodominicano.com\/index.php?rest_route=\/wp\/v2\/posts"}],"about":[{"href":"https:\/\/diariodominicano.com\/index.php?rest_route=\/wp\/v2\/types\/post"}],"author":[{"embeddable":true,"href":"https:\/\/diariodominicano.com\/index.php?rest_route=\/wp\/v2\/users\/3"}],"replies":[{"embeddable":true,"href":"https:\/\/diariodominicano.com\/index.php?rest_route=%2Fwp%2Fv2%2Fcomments&post=155535"}],"version-history":[{"count":0,"href":"https:\/\/diariodominicano.com\/index.php?rest_route=\/wp\/v2\/posts\/155535\/revisions"}],"wp:attachment":[{"href":"https:\/\/diariodominicano.com\/index.php?rest_route=%2Fwp%2Fv2%2Fmedia&parent=155535"}],"wp:term":[{"taxonomy":"category","embeddable":true,"href":"https:\/\/diariodominicano.com\/index.php?rest_route=%2Fwp%2Fv2%2Fcategories&post=155535"},{"taxonomy":"post_tag","embeddable":true,"href":"https:\/\/diariodominicano.com\/index.php?rest_route=%2Fwp%2Fv2%2Ftags&post=155535"}],"curies":[{"name":"wp","href":"https:\/\/api.w.org\/{rel}","templated":true}]}}