{"id":155534,"date":"2010-11-04T15:54:27","date_gmt":"2010-11-04T15:54:27","guid":{"rendered":"http:\/\/diariodominicano.ddns.net\/?p=155534"},"modified":"2010-11-04T15:54:27","modified_gmt":"2010-11-04T15:54:27","slug":"coe-mantiene-alerta-amarilla-para-varias-provincias-e-inicia-ecuaciones-preventivas-por-tomas","status":"publish","type":"post","link":"https:\/\/diariodominicano.com\/?p=155534","title":{"rendered":"COE mantiene alerta amarilla para varias provincias e inicia ecuaciones preventivas por Tomas"},"content":{"rendered":"<p><body><\/p>\n<p><img decoding=\"async\" src=\"http:\/\/localhost:8080\/justiciayderecho\/img3\/ONAMET_02.jpg\" \/>  <\/p>\n<\/p>\n<p><span class=\"text1noticias\">Santo Domingo, 04 nov 2010 .- El director del Centro de Operaciones de Emergencia (COE), general Juan Manuel M\u00e9ndez, inform\u00f3 esta ma\u00f1ana que podr\u00edan decretar el m\u00e1ximo nivel de alerta en algunas provincias del pa\u00eds, debido a las fuertes lluvias que se registran desde esta madrugada por los efectos de la tormenta tropical Tomas.<\/span><\/p>\n<\/p>\n<p><span class=\"text1noticias\">Mientras que la directora de la Oficina Nacional de Meteorolog\u00eda (ONAMET), Gloria Ceballos, dijo que se espera que el fen\u00f3meno se fortalezca durante el d\u00eda de hoy.<\/span><\/p>\n<\/p>\n<p><span class=\"text1noticias\">M\u00e9ndez explic\u00f3 que las lluvias de Tomas se sienten en todo el territorio nacional, por lo que contin\u00faan haciendo las evacuaciones necesarias.<\/span><\/p>\n<\/p>\n<p><span class=\"text1noticias\">Dijo que sigue la alerta amarilla para Pedernales, Barahona, Bahoruco, Independencia, San Juan de la Maguana y El\u00edas Pi\u00f1a. <\/span><\/p>\n<\/p>\n<p><span class=\"text1noticias\">Dijo que los organismos se socorro ante las precipitaciones iniciaron evacuaciones preventivas y llam\u00f3 a las familias a no resistirse a las mismas y que sean prudente y no se ba\u00f1en en r\u00edos y ca\u00f1adas, ya que puede ser peligroso por la cantidad de agua sobre el territorio. <\/span><\/p>\n<\/p>\n<p><span class=\"text1noticias\">Agreg\u00f3 que desde anoche todos los planes de contingencia est\u00e1n activados.<\/span><\/p>\n<\/p>\n<h6> 2010-11-04 15:54:27 <\/h6>\n<p><!--\n<link rel=\"stylesheet\" href=\"css\/bootstrap.min.css\">\n\n\n<ul class=\"pagination\">\n\t    \n\t\n\n<li >\n\t<a href='?page_no=30701'>Previous<\/a>\n\t<\/li>\n\n\n       \n    \n\n<li><a href='?page_no=1'>1<\/a><\/li>\n\n\n\n<li><a href='?page_no=2'>2<\/a><\/li>\n\n\n\n<li><a>...<\/a><\/li>\n\n\n\n<li><a href='?page_no=30700'>30700<\/a><\/li>\n\n\n\n<li><a href='?page_no=30701'>30701<\/a><\/li>\n\n\n\n<li class='active'><a>30702<\/a><\/li>\n\n\n\n<li><a href='?page_no=30703'>30703<\/a><\/li>\n\n\n\n<li><a href='?page_no=30704'>30704<\/a><\/li>\n\n\n\n<li><a>...<\/a><\/li>\n\n\n\n<li><a href='?page_no=31963'>31963<\/a><\/li>\n\n\n\n<li><a href='?page_no=31964'>31964<\/a><\/li>\n\n    \n\t\n\n<li >\n\t<a href='?page_no=30703'>Next<\/a>\n\t<\/li>\n\n\n    \n\n<li><a href='?page_no=31964'>Last &rsaquo;&rsaquo;<\/a><\/li>\n\n<\/ul>\n\n\n--><br \/>\n<\/body><\/p>\n","protected":false},"excerpt":{"rendered":"<p>Santo Domingo, 04 nov 2010 .- El director del Centro de Operaciones de Emergencia (COE), general Juan Manuel M\u00e9ndez, inform\u00f3 esta ma\u00f1ana que podr\u00edan decretar el m\u00e1ximo nivel de alerta en algunas provincias del pa\u00eds, debido a las fuertes lluvias que se registran desde esta madrugada por los efectos de la tormenta tropical Tomas. Mientras [&hellip;]<\/p>\n","protected":false},"author":3,"featured_media":0,"comment_status":"open","ping_status":"open","sticky":false,"template":"","format":"standard","meta":{"footnotes":""},"categories":[24],"tags":[],"class_list":["post-155534","post","type-post","status-publish","format-standard","hentry","category-justicia-y-derecho"],"_links":{"self":[{"href":"https:\/\/diariodominicano.com\/index.php?rest_route=\/wp\/v2\/posts\/155534","targetHints":{"allow":["GET"]}}],"collection":[{"href":"https:\/\/diariodominicano.com\/index.php?rest_route=\/wp\/v2\/posts"}],"about":[{"href":"https:\/\/diariodominicano.com\/index.php?rest_route=\/wp\/v2\/types\/post"}],"author":[{"embeddable":true,"href":"https:\/\/diariodominicano.com\/index.php?rest_route=\/wp\/v2\/users\/3"}],"replies":[{"embeddable":true,"href":"https:\/\/diariodominicano.com\/index.php?rest_route=%2Fwp%2Fv2%2Fcomments&post=155534"}],"version-history":[{"count":0,"href":"https:\/\/diariodominicano.com\/index.php?rest_route=\/wp\/v2\/posts\/155534\/revisions"}],"wp:attachment":[{"href":"https:\/\/diariodominicano.com\/index.php?rest_route=%2Fwp%2Fv2%2Fmedia&parent=155534"}],"wp:term":[{"taxonomy":"category","embeddable":true,"href":"https:\/\/diariodominicano.com\/index.php?rest_route=%2Fwp%2Fv2%2Fcategories&post=155534"},{"taxonomy":"post_tag","embeddable":true,"href":"https:\/\/diariodominicano.com\/index.php?rest_route=%2Fwp%2Fv2%2Ftags&post=155534"}],"curies":[{"name":"wp","href":"https:\/\/api.w.org\/{rel}","templated":true}]}}