{"id":155531,"date":"2010-11-04T19:45:24","date_gmt":"2010-11-04T19:45:24","guid":{"rendered":"http:\/\/diariodominicano.ddns.net\/?p=155531"},"modified":"2010-11-04T19:45:24","modified_gmt":"2010-11-04T19:45:24","slug":"instituto-pide-priorizar-a-los-contadores-en-la-escogencia-que-haga-el-senado","status":"publish","type":"post","link":"https:\/\/diariodominicano.com\/?p=155531","title":{"rendered":"Instituto pide priorizar a los contadores en la escogencia que haga el Senado"},"content":{"rendered":"<p><body><\/p>\n<p><img decoding=\"async\" src=\"http:\/\/localhost:8080\/justiciayderecho\/img3\/contadores publico.JPG\" \/>  <\/p>\n<p><span class=\"text1noticias\">Santo Domingo.- El Instituto de Contadores P\u00fablicos Autorizados de la Rep\u00fablica Dominicana (ICPARD) llam\u00f3 los miembros del Senado para que al momento de escoger los integrantes de la C\u00e1mara de Cuentas, les den  prioridad a los profesionales de la contadur\u00eda p\u00fablica,  por considerar sus  especialidades las indicadas para  tratar los temas exigidos por esa instituci\u00f3n, b\u00e1sicamente  las auditorias requeridas a las diferentes entidades de la administraci\u00f3n p\u00fablicas.<\/span><\/p>\n<p><span class=\"text1noticias\"> <\/span><\/p>\n<p><span class=\"text1noticias\">De acuerdo al presidente del Instituto de Contadores P\u00fablico Autorizados, Andr\u00e9s Billini,  la C\u00e1mara de Cuentas es un \u00f3rgano de control externo, cuyo objeto principal es garantizar la transparencia de las operaciones, la aplicaci\u00f3n  de los controles internos y la eficiencia en el uso de los recursos  del sector p\u00fablico. <\/span><\/p>\n<\/p>\n<p><span class=\"text1noticias\">Las declaraciones fueron dadas en rueda de prensa celebrada el local de la entidad, participando  tambi\u00e9n los directivos Pedro Matos, vice-presidente, Ram\u00f3n Perell\u00f3, Secretario,  y Jos\u00e9 Campusano, tesorero. <\/span><\/p>\n<\/p>\n<p><span class=\"text1noticias\">Andr\u00e9s Billini, dijo que por esas razones, la C\u00e1mara de Cuentas debe estar integrada por contadores,  que son los profesionales  que poseen las t\u00e9cnicas  necesarias para  manejar los aspectos contables de las instituciones, la adecuada interpretaci\u00f3n de los informes financieros y las auditorias  de las cuentas, en consecuencia el trabajo de la C\u00e1mara no debe ser  puesto en manos de profesionales de otras disciplina que no sean los contadores p\u00fablicos. <\/span><\/p>\n<p><span class=\"text1noticias\"> <\/span><\/p>\n<p><span class=\"text1noticias\">Indic\u00f3 que a inicio del proceso el Instituto de Contadores, someti\u00f3 a la Comisi\u00f3n de la C\u00e1mara de Diputados, que ten\u00eda bajo su responsabilidad la selecci\u00f3n de las ternas, una comunicaci\u00f3n contentiva de una lista de cinco contadores miembros del Instituto, provisto de una alta solvencia moral y dotado de una larga experiencia profesional, no obstante en el proceso de selecci\u00f3n cuatro de ellos fueron descartados, quedando aun entre los finalistas, el licenciado  Alberto Morillo, el cual esperamos sea finalmente seleccionado.<\/span><\/p>\n<\/p>\n<p><span class=\"text1noticias\">Manifest\u00f3  que hay otros contadores que de ser seleccionados,  bien har\u00edan un trabajo excelente, como es el caso del licenciado Antonio Pe\u00f1a Mirabal.<\/span><\/p>\n<p><span class=\"text1noticias\"> <\/span><\/p>\n<p><span class=\"text1noticias\">En ese sentido,  Billini solicit\u00f3 a los miembros del Senado, realizar la escogencia d\u00e1ndoles prioridad a los contadores p\u00fablicos autorizados (CPA), considerando que el pa\u00eds necesita fortalecer las instituciones y para ello es preciso que cada posici\u00f3n est\u00e9 desempe\u00f1ada por profesionales dotados del conocimiento y la experiencia que requiere la  instituci\u00f3n.<\/span><\/p>\n<h6> 2010-11-04 19:45:24 <\/h6>\n<p><!--\n<link rel=\"stylesheet\" href=\"css\/bootstrap.min.css\">\n\n\n<ul class=\"pagination\">\n\t    \n\t\n\n<li >\n\t<a href='?page_no=30698'>Previous<\/a>\n\t<\/li>\n\n\n       \n    \n\n<li><a href='?page_no=1'>1<\/a><\/li>\n\n\n\n<li><a href='?page_no=2'>2<\/a><\/li>\n\n\n\n<li><a>...<\/a><\/li>\n\n\n\n<li><a href='?page_no=30697'>30697<\/a><\/li>\n\n\n\n<li><a href='?page_no=30698'>30698<\/a><\/li>\n\n\n\n<li class='active'><a>30699<\/a><\/li>\n\n\n\n<li><a href='?page_no=30700'>30700<\/a><\/li>\n\n\n\n<li><a href='?page_no=30701'>30701<\/a><\/li>\n\n\n\n<li><a>...<\/a><\/li>\n\n\n\n<li><a href='?page_no=31963'>31963<\/a><\/li>\n\n\n\n<li><a href='?page_no=31964'>31964<\/a><\/li>\n\n    \n\t\n\n<li >\n\t<a href='?page_no=30700'>Next<\/a>\n\t<\/li>\n\n\n    \n\n<li><a href='?page_no=31964'>Last &rsaquo;&rsaquo;<\/a><\/li>\n\n<\/ul>\n\n\n--><br \/>\n<\/body><\/p>\n","protected":false},"excerpt":{"rendered":"<p>Santo Domingo.- El Instituto de Contadores P\u00fablicos Autorizados de la Rep\u00fablica Dominicana (ICPARD) llam\u00f3 los miembros del Senado para que al momento de escoger los integrantes de la C\u00e1mara de Cuentas, les den prioridad a los profesionales de la contadur\u00eda p\u00fablica, por considerar sus especialidades las indicadas para tratar los temas exigidos por esa instituci\u00f3n, [&hellip;]<\/p>\n","protected":false},"author":3,"featured_media":0,"comment_status":"open","ping_status":"open","sticky":false,"template":"","format":"standard","meta":{"footnotes":""},"categories":[24],"tags":[],"class_list":["post-155531","post","type-post","status-publish","format-standard","hentry","category-justicia-y-derecho"],"_links":{"self":[{"href":"https:\/\/diariodominicano.com\/index.php?rest_route=\/wp\/v2\/posts\/155531","targetHints":{"allow":["GET"]}}],"collection":[{"href":"https:\/\/diariodominicano.com\/index.php?rest_route=\/wp\/v2\/posts"}],"about":[{"href":"https:\/\/diariodominicano.com\/index.php?rest_route=\/wp\/v2\/types\/post"}],"author":[{"embeddable":true,"href":"https:\/\/diariodominicano.com\/index.php?rest_route=\/wp\/v2\/users\/3"}],"replies":[{"embeddable":true,"href":"https:\/\/diariodominicano.com\/index.php?rest_route=%2Fwp%2Fv2%2Fcomments&post=155531"}],"version-history":[{"count":0,"href":"https:\/\/diariodominicano.com\/index.php?rest_route=\/wp\/v2\/posts\/155531\/revisions"}],"wp:attachment":[{"href":"https:\/\/diariodominicano.com\/index.php?rest_route=%2Fwp%2Fv2%2Fmedia&parent=155531"}],"wp:term":[{"taxonomy":"category","embeddable":true,"href":"https:\/\/diariodominicano.com\/index.php?rest_route=%2Fwp%2Fv2%2Fcategories&post=155531"},{"taxonomy":"post_tag","embeddable":true,"href":"https:\/\/diariodominicano.com\/index.php?rest_route=%2Fwp%2Fv2%2Ftags&post=155531"}],"curies":[{"name":"wp","href":"https:\/\/api.w.org\/{rel}","templated":true}]}}