{"id":155527,"date":"2010-11-04T20:31:15","date_gmt":"2010-11-04T20:31:15","guid":{"rendered":"http:\/\/diariodominicano.ddns.net\/?p=155527"},"modified":"2010-11-04T20:31:15","modified_gmt":"2010-11-04T20:31:15","slug":"gobernante-recibe-en-su-despacho-al-ex-vicepresidente-estadounidense-al-gore","status":"publish","type":"post","link":"https:\/\/diariodominicano.com\/?p=155527","title":{"rendered":"Gobernante recibe en su despacho al ex vicepresidente estadounidense Al Gore"},"content":{"rendered":"<p><body><\/p>\n<p><img decoding=\"async\" src=\"http:\/\/localhost:8080\/justiciayderecho\/img3\/DSC_4824.JPG\" \/><br \/><img decoding=\"async\" src=\"http:\/\/localhost:8080\/justiciayderecho\/img3\/DSC_4823.JPG\" \/>  <\/p>\n<p><span class=\"text1noticias\">Hablan del cambio clim\u00e1tico y calentamiento global<\/span><\/p>\n<\/p>\n<p><span class=\"text1noticias\">Santo Domingo.- El presidente de la Rep\u00fablica, doctor Leonel Fern\u00e1ndez, recibi\u00f3 este jueves la visita del ex vicepresidente de Estados Unidos y presidente de la fundaci\u00f3n Thinking Green, Al Gore.<\/span><\/p>\n<\/p>\n<p><span class=\"text1noticias\">Fern\u00e1ndez y Gore dialogaron durante varios minutos sobre los cambios clim\u00e1ticos en nuestro planeta, que eventualmente tendr\u00e1n influencia en la econom\u00eda global.<\/span><\/p>\n<\/p>\n<p><span class=\"text1noticias\">El jefe de Estado dominicano y Gore conversaron adem\u00e1s sobre pol\u00edtica internacional y sus perspectivas futuras, seg\u00fan indica una nota de la Direcci\u00f3n de Informaci\u00f3n, Prensa y Publicidad de la Presidencia.<\/span><\/p>\n<\/p>\n<p><span class=\"text1noticias\">En el encuentro tambi\u00e9n estuvieron presentes Luis Manuel Bonetti, ministro administrativo de la Presidencia, Rosa Bonetti de Santana, presidenta de la Fundaci\u00f3n Propag\u00e1s, el se\u00f1or Arturo Santana, y Omar Ram\u00edrez, asesor en asuntos de cambio clim\u00e1tico.<\/span><\/p>\n<\/p>\n<p><span class=\"text1noticias\">Desde el Congreso de los Estados Unidos y luego como vicepresidente de esa naci\u00f3n, Gore se convirti\u00f3 en el principal promotor en advertir la amenaza que representa para la humanidad el calentamiento global.<\/span><\/p>\n<\/p>\n<p><span class=\"text1noticias\">Gore, quien fue galardonado con el Premio N\u00f3bel de la Paz en el a\u00f1o 2007, es autor del best-seller \u00abAn Inconvenient Truth\u00bb (Una Verdad Inc\u00f3moda), texto donde describe la amenaza y las soluciones al problema del calentamiento global.<\/span><\/p>\n<\/p>\n<p><span class=\"text1noticias\">La reuni\u00f3n de Fern\u00e1ndez con Gore se efectu\u00f3 en el Despacho Presidencial<strong>. <\/strong><\/span><\/p>\n<h6> 2010-11-04 20:31:15 <\/h6>\n<p><!--\n<link rel=\"stylesheet\" href=\"css\/bootstrap.min.css\">\n\n\n<ul class=\"pagination\">\n\t    \n\t\n\n<li >\n\t<a href='?page_no=30694'>Previous<\/a>\n\t<\/li>\n\n\n       \n    \n\n<li><a href='?page_no=1'>1<\/a><\/li>\n\n\n\n<li><a href='?page_no=2'>2<\/a><\/li>\n\n\n\n<li><a>...<\/a><\/li>\n\n\n\n<li><a href='?page_no=30693'>30693<\/a><\/li>\n\n\n\n<li><a href='?page_no=30694'>30694<\/a><\/li>\n\n\n\n<li class='active'><a>30695<\/a><\/li>\n\n\n\n<li><a href='?page_no=30696'>30696<\/a><\/li>\n\n\n\n<li><a href='?page_no=30697'>30697<\/a><\/li>\n\n\n\n<li><a>...<\/a><\/li>\n\n\n\n<li><a href='?page_no=31963'>31963<\/a><\/li>\n\n\n\n<li><a href='?page_no=31964'>31964<\/a><\/li>\n\n    \n\t\n\n<li >\n\t<a href='?page_no=30696'>Next<\/a>\n\t<\/li>\n\n\n    \n\n<li><a href='?page_no=31964'>Last &rsaquo;&rsaquo;<\/a><\/li>\n\n<\/ul>\n\n\n--><br \/>\n<\/body><\/p>\n","protected":false},"excerpt":{"rendered":"<p>Hablan del cambio clim\u00e1tico y calentamiento global Santo Domingo.- El presidente de la Rep\u00fablica, doctor Leonel Fern\u00e1ndez, recibi\u00f3 este jueves la visita del ex vicepresidente de Estados Unidos y presidente de la fundaci\u00f3n Thinking Green, Al Gore. Fern\u00e1ndez y Gore dialogaron durante varios minutos sobre los cambios clim\u00e1ticos en nuestro planeta, que eventualmente tendr\u00e1n influencia [&hellip;]<\/p>\n","protected":false},"author":3,"featured_media":0,"comment_status":"open","ping_status":"open","sticky":false,"template":"","format":"standard","meta":{"footnotes":""},"categories":[24],"tags":[],"class_list":["post-155527","post","type-post","status-publish","format-standard","hentry","category-justicia-y-derecho"],"_links":{"self":[{"href":"https:\/\/diariodominicano.com\/index.php?rest_route=\/wp\/v2\/posts\/155527","targetHints":{"allow":["GET"]}}],"collection":[{"href":"https:\/\/diariodominicano.com\/index.php?rest_route=\/wp\/v2\/posts"}],"about":[{"href":"https:\/\/diariodominicano.com\/index.php?rest_route=\/wp\/v2\/types\/post"}],"author":[{"embeddable":true,"href":"https:\/\/diariodominicano.com\/index.php?rest_route=\/wp\/v2\/users\/3"}],"replies":[{"embeddable":true,"href":"https:\/\/diariodominicano.com\/index.php?rest_route=%2Fwp%2Fv2%2Fcomments&post=155527"}],"version-history":[{"count":0,"href":"https:\/\/diariodominicano.com\/index.php?rest_route=\/wp\/v2\/posts\/155527\/revisions"}],"wp:attachment":[{"href":"https:\/\/diariodominicano.com\/index.php?rest_route=%2Fwp%2Fv2%2Fmedia&parent=155527"}],"wp:term":[{"taxonomy":"category","embeddable":true,"href":"https:\/\/diariodominicano.com\/index.php?rest_route=%2Fwp%2Fv2%2Fcategories&post=155527"},{"taxonomy":"post_tag","embeddable":true,"href":"https:\/\/diariodominicano.com\/index.php?rest_route=%2Fwp%2Fv2%2Ftags&post=155527"}],"curies":[{"name":"wp","href":"https:\/\/api.w.org\/{rel}","templated":true}]}}