{"id":155526,"date":"2010-11-04T20:42:19","date_gmt":"2010-11-04T20:42:19","guid":{"rendered":"http:\/\/diariodominicano.ddns.net\/?p=155526"},"modified":"2010-11-04T20:42:19","modified_gmt":"2010-11-04T20:42:19","slug":"uno-de-cuatro-miembros-del-cuerpo-de-ayudantes-de-lf-en-estado-delicado-tras-accidente-2","status":"publish","type":"post","link":"https:\/\/diariodominicano.com\/?p=155526","title":{"rendered":"Uno de cuatro miembros del cuerpo de ayudantes de LF, en estado delicado tras accidente&#13;"},"content":{"rendered":"<p><body><\/p>\n<p><img decoding=\"async\" src=\"http:\/\/localhost:8080\/justiciayderecho\/img3\/carretera_torio.jpg\" \/>  <\/p>\n<p><strong><span class=\"text1noticias\">Santo Domingo.<\/span><\/strong><span class=\"text1noticias\">-En estado delicado se encuentra uno de los cuatro miembros del Cuerpo de Ayudantes Militares que se accidentaron esta ma\u00f1ana en la carretera Santo Domingo-Saman\u00e1.<\/span><\/p>\n<\/p>\n<p><span class=\"text1noticias\">Estos se dirig\u00edan a Saman\u00e1, donde el presidente leonel Fern\u00e1ndez inaugurar\u00eda varios acueductos construidos por el Gobierno a un costo superior a los 5 mil 820 millones de pesos, actividad que fue suspendida por las lluvias.<\/span><\/p>\n<\/p>\n<p><span class=\"text1noticias\">Entre los afectados se encuentran el cabo de la Polic\u00eda, Samuel Almonte, de 31 a\u00f1os,  quien tiene una lesi\u00f3n en el pecho y el h\u00edgado, que lo mantienen en estado delicado en el hospital Ram\u00f3n de Lara, en la base a\u00e9rea de San Isidro. <\/span><\/p>\n<\/p>\n<p><span class=\"text1noticias\">Tambi\u00e9n Sandy Santana, quien presenta lesiones en la columna tor\u00e1xica y lumbar; Iv\u00e1n  Ram\u00edrez con golpes en la columna y Sergio Cuello  con desgarramiento en el tend\u00f3n de la pierna derecha. Estos \u00faltimos est\u00e1n en condiciones estables tambi\u00e9n en el hospital Ram\u00f3n de Lara<\/span>.<\/p>\n<h6> 2010-11-04 20:42:19 <\/h6>\n<p><!--\n<link rel=\"stylesheet\" href=\"css\/bootstrap.min.css\">\n\n\n<ul class=\"pagination\">\n\t    \n\t\n\n<li >\n\t<a href='?page_no=30693'>Previous<\/a>\n\t<\/li>\n\n\n       \n    \n\n<li><a href='?page_no=1'>1<\/a><\/li>\n\n\n\n<li><a href='?page_no=2'>2<\/a><\/li>\n\n\n\n<li><a>...<\/a><\/li>\n\n\n\n<li><a href='?page_no=30692'>30692<\/a><\/li>\n\n\n\n<li><a href='?page_no=30693'>30693<\/a><\/li>\n\n\n\n<li class='active'><a>30694<\/a><\/li>\n\n\n\n<li><a href='?page_no=30695'>30695<\/a><\/li>\n\n\n\n<li><a href='?page_no=30696'>30696<\/a><\/li>\n\n\n\n<li><a>...<\/a><\/li>\n\n\n\n<li><a href='?page_no=31963'>31963<\/a><\/li>\n\n\n\n<li><a href='?page_no=31964'>31964<\/a><\/li>\n\n    \n\t\n\n<li >\n\t<a href='?page_no=30695'>Next<\/a>\n\t<\/li>\n\n\n    \n\n<li><a href='?page_no=31964'>Last &rsaquo;&rsaquo;<\/a><\/li>\n\n<\/ul>\n\n\n--><br \/>\n<\/body><\/p>\n","protected":false},"excerpt":{"rendered":"<p>Santo Domingo.-En estado delicado se encuentra uno de los cuatro miembros del Cuerpo de Ayudantes Militares que se accidentaron esta ma\u00f1ana en la carretera Santo Domingo-Saman\u00e1. Estos se dirig\u00edan a Saman\u00e1, donde el presidente leonel Fern\u00e1ndez inaugurar\u00eda varios acueductos construidos por el Gobierno a un costo superior a los 5 mil 820 millones de pesos, [&hellip;]<\/p>\n","protected":false},"author":3,"featured_media":0,"comment_status":"open","ping_status":"open","sticky":false,"template":"","format":"standard","meta":{"footnotes":""},"categories":[24],"tags":[],"class_list":["post-155526","post","type-post","status-publish","format-standard","hentry","category-justicia-y-derecho"],"_links":{"self":[{"href":"https:\/\/diariodominicano.com\/index.php?rest_route=\/wp\/v2\/posts\/155526","targetHints":{"allow":["GET"]}}],"collection":[{"href":"https:\/\/diariodominicano.com\/index.php?rest_route=\/wp\/v2\/posts"}],"about":[{"href":"https:\/\/diariodominicano.com\/index.php?rest_route=\/wp\/v2\/types\/post"}],"author":[{"embeddable":true,"href":"https:\/\/diariodominicano.com\/index.php?rest_route=\/wp\/v2\/users\/3"}],"replies":[{"embeddable":true,"href":"https:\/\/diariodominicano.com\/index.php?rest_route=%2Fwp%2Fv2%2Fcomments&post=155526"}],"version-history":[{"count":0,"href":"https:\/\/diariodominicano.com\/index.php?rest_route=\/wp\/v2\/posts\/155526\/revisions"}],"wp:attachment":[{"href":"https:\/\/diariodominicano.com\/index.php?rest_route=%2Fwp%2Fv2%2Fmedia&parent=155526"}],"wp:term":[{"taxonomy":"category","embeddable":true,"href":"https:\/\/diariodominicano.com\/index.php?rest_route=%2Fwp%2Fv2%2Fcategories&post=155526"},{"taxonomy":"post_tag","embeddable":true,"href":"https:\/\/diariodominicano.com\/index.php?rest_route=%2Fwp%2Fv2%2Ftags&post=155526"}],"curies":[{"name":"wp","href":"https:\/\/api.w.org\/{rel}","templated":true}]}}