{"id":155525,"date":"2010-11-04T20:49:19","date_gmt":"2010-11-04T20:49:19","guid":{"rendered":"http:\/\/diariodominicano.ddns.net\/?p=155525"},"modified":"2010-11-04T20:49:19","modified_gmt":"2010-11-04T20:49:19","slug":"periodistas-locutores-y-comentaristas-piden-proteger-a-joseph-caceres","status":"publish","type":"post","link":"https:\/\/diariodominicano.com\/?p=155525","title":{"rendered":"Periodistas, locutores y comentaristas piden proteger a Joseph Caceres"},"content":{"rendered":"<p><body><\/p>\n<p><span class=\"text1noticias\"> <\/span><\/p>\n<p><span class=\"text1noticias\">Santo Domingo.- Un colectivo de comunicadores demand\u00f3 de las autoridades garantizar la seguridad del periodista Joseph C\u00e1ceres, quien enfrenta amenazas desde sectores del crimen organizado en el arte y la comunicaci\u00f3n.<\/span><\/p>\n<p><span class=\"text1noticias\"> <\/span><\/p>\n<p><span class=\"text1noticias\">Enrique Fern\u00e1ndez y Henry Pimentel, portavoces del grupo, advirtieron que la vida del reconocido cronista corre peligro, ya  que desarrolla una cruzada contra el narcotr\u00e1fico que incide en sectores del espect\u00e1culo.<\/span><\/p>\n<p><span class=\"text1noticias\"> <\/span><\/p>\n<p><span class=\"text1noticias\">En tal sentido, llamaron al secretario de Estado director de Prensa de al Presidencia, Rafael N\u00fa\u00f1ez, a tramitar ante los cuerpos de seguridad del Estado que se otorgue protecci\u00f3n al periodista.<\/span><\/p>\n<p><span class=\"text1noticias\"> <\/span><\/p>\n<p><span class=\"text1noticias\">Desde hace unos d\u00edas, Joseph C\u00e1ceres es objeto de diversas amenazas y presiones, luego de reclamar en televisi\u00f3n que  sean identificadas y desmanteladas las redes que reclutan figuras del arte para realizar negocios sucios.<\/span><\/p>\n<p><span class=\"text1noticias\"> <\/span><\/p>\n<p><span class=\"text1noticias\">Incluso, C\u00e1ceres revel\u00f3 que tras hablar sobre el caso del bachatero Jimmy Bauer, quien trat\u00f3 de viajar a Nueva York con 90 bolsitas llenas de hero\u00edna en el est\u00f3mago, algunos compa\u00f1eros de labores se manifestaron airados.<\/span><\/p>\n<p><span class=\"text1noticias\"> <\/span><\/p>\n<p><span class=\"text1noticias\">Dijo no comprender las razones por las que determinados cronistas se molestaron por su actitud de denunciar las actividades de los narcos que involucran a gente del arte y los medios.<\/span><\/p>\n<p><span class=\"text1noticias\"> <\/span><\/p>\n<p><span class=\"text1noticias\">Cuando el comunicador abund\u00f3 sobre el tema del narcotr\u00e1fico y la far\u00e1ndula se desencaden\u00f3 una serie de amenazas en su contra, que conllevaron incluso un intento de agresi\u00f3n detectado por personal de seguridad de la televisora Color Visi\u00f3n.<\/span><\/p>\n<p><span class=\"text1noticias\"> <\/span><\/p>\n<p><span class=\"text1noticias\">Enrique Fern\u00e1ndez y Henry Pimentel recordaron que la actitud e Joseph C\u00e1ceres de luchar contra el narcotr\u00e1fico en el arte y la comunicaci\u00f3n no es nueva, ya que en el pasado tambi\u00e9n desarroll\u00f3 acciones similares.<\/span><\/p>\n<p><span class=\"text1noticias\"> <\/span><\/p>\n<p><span class=\"text1noticias\">El pedido de que el gobierno vele por la seguridad de C\u00e1ceres es suscrito, adem\u00e1s, por los comunicadores Guillermo Henr\u00edquez, Jos\u00e9 Campusano, Johnny Arrendel, Jos\u00e9 Carmona, Rafael mercedes, Elbin Cuevas, Yemellie Cabral, Rafael Ferm\u00edn  y Jos\u00e9 David Contreras.<\/span><\/p>\n<p><span class=\"text1noticias\"> <\/span><\/p>\n<\/p>\n<h6> 2010-11-04 20:49:19 <\/h6>\n<p><!--\n<link rel=\"stylesheet\" href=\"css\/bootstrap.min.css\">\n\n\n<ul class=\"pagination\">\n\t    \n\t\n\n<li >\n\t<a href='?page_no=30692'>Previous<\/a>\n\t<\/li>\n\n\n       \n    \n\n<li><a href='?page_no=1'>1<\/a><\/li>\n\n\n\n<li><a href='?page_no=2'>2<\/a><\/li>\n\n\n\n<li><a>...<\/a><\/li>\n\n\n\n<li><a href='?page_no=30691'>30691<\/a><\/li>\n\n\n\n<li><a href='?page_no=30692'>30692<\/a><\/li>\n\n\n\n<li class='active'><a>30693<\/a><\/li>\n\n\n\n<li><a href='?page_no=30694'>30694<\/a><\/li>\n\n\n\n<li><a href='?page_no=30695'>30695<\/a><\/li>\n\n\n\n<li><a>...<\/a><\/li>\n\n\n\n<li><a href='?page_no=31963'>31963<\/a><\/li>\n\n\n\n<li><a href='?page_no=31964'>31964<\/a><\/li>\n\n    \n\t\n\n<li >\n\t<a href='?page_no=30694'>Next<\/a>\n\t<\/li>\n\n\n    \n\n<li><a href='?page_no=31964'>Last &rsaquo;&rsaquo;<\/a><\/li>\n\n<\/ul>\n\n\n--><br \/>\n<\/body><\/p>\n","protected":false},"excerpt":{"rendered":"<p>Santo Domingo.- Un colectivo de comunicadores demand\u00f3 de las autoridades garantizar la seguridad del periodista Joseph C\u00e1ceres, quien enfrenta amenazas desde sectores del crimen organizado en el arte y la comunicaci\u00f3n. Enrique Fern\u00e1ndez y Henry Pimentel, portavoces del grupo, advirtieron que la vida del reconocido cronista corre peligro, ya que desarrolla una cruzada contra el [&hellip;]<\/p>\n","protected":false},"author":3,"featured_media":0,"comment_status":"open","ping_status":"open","sticky":false,"template":"","format":"standard","meta":{"footnotes":""},"categories":[24],"tags":[],"class_list":["post-155525","post","type-post","status-publish","format-standard","hentry","category-justicia-y-derecho"],"_links":{"self":[{"href":"https:\/\/diariodominicano.com\/index.php?rest_route=\/wp\/v2\/posts\/155525","targetHints":{"allow":["GET"]}}],"collection":[{"href":"https:\/\/diariodominicano.com\/index.php?rest_route=\/wp\/v2\/posts"}],"about":[{"href":"https:\/\/diariodominicano.com\/index.php?rest_route=\/wp\/v2\/types\/post"}],"author":[{"embeddable":true,"href":"https:\/\/diariodominicano.com\/index.php?rest_route=\/wp\/v2\/users\/3"}],"replies":[{"embeddable":true,"href":"https:\/\/diariodominicano.com\/index.php?rest_route=%2Fwp%2Fv2%2Fcomments&post=155525"}],"version-history":[{"count":0,"href":"https:\/\/diariodominicano.com\/index.php?rest_route=\/wp\/v2\/posts\/155525\/revisions"}],"wp:attachment":[{"href":"https:\/\/diariodominicano.com\/index.php?rest_route=%2Fwp%2Fv2%2Fmedia&parent=155525"}],"wp:term":[{"taxonomy":"category","embeddable":true,"href":"https:\/\/diariodominicano.com\/index.php?rest_route=%2Fwp%2Fv2%2Fcategories&post=155525"},{"taxonomy":"post_tag","embeddable":true,"href":"https:\/\/diariodominicano.com\/index.php?rest_route=%2Fwp%2Fv2%2Ftags&post=155525"}],"curies":[{"name":"wp","href":"https:\/\/api.w.org\/{rel}","templated":true}]}}