{"id":155524,"date":"2010-11-04T21:35:43","date_gmt":"2010-11-04T21:35:43","guid":{"rendered":"http:\/\/diariodominicano.ddns.net\/?p=155524"},"modified":"2010-11-04T21:35:43","modified_gmt":"2010-11-04T21:35:43","slug":"dan-a-conocer-dias-feriados-del-2011","status":"publish","type":"post","link":"https:\/\/diariodominicano.com\/?p=155524","title":{"rendered":"Dan a conocer  d\u00edas feriados del 2011"},"content":{"rendered":"<p><body><\/p>\n<\/p>\n<p><span class=\"text1noticias\">Santo Domingo.-El Ministerio de Trabajo anunci\u00f3 hoy el calendario para la celebraci\u00f3n de los d\u00edas feriados para el a\u00f1o 2011, establecidos en la Ley 139-97.<\/span><\/p>\n<\/p>\n<p><span class=\"text1noticias\">El anuncio fue hecho para toda la colectividad empresarial y trabajadora del pa\u00eds y establece que el s\u00e1bado 1 de enero, fecha en que se celebra la festividad de A\u00f1o Nuevo, se mantendr\u00e1 igual, o sea, no se cambia; el jueves 6 de enero, en la que se festeja el d\u00eda de los Santos Reyes, se trabaja ese d\u00eda y se cambia para el lunes 10 de enero. <\/span><\/p>\n<\/p>\n<p><span class=\"text1noticias\">La festividad del D\u00eda de la Altagracia, que se celebra en todo el pa\u00eds el 21 de enero de cada a\u00f1o, no se cambia y ser\u00e1 celebrado el viernes 21 de enero. <\/span><\/p>\n<\/p>\n<p><span class=\"text1noticias\">Asimismo, el mi\u00e9rcoles 26 de enero, fecha en que se celebra el D\u00eda de Juan Pablo Duarte, se trabaja y se cambia para el lunes 24 de enero. La festividad del 27 de febrero, d\u00eda de la Independencia Nacional, no se cambia, por lo que ser\u00e1 celebrada el domingo 27 de ese mes.<\/span><\/p>\n<\/p>\n<p><span class=\"text1noticias\">En cuanto al Viernes Santo, no se cambia, por lo que ser\u00e1 celebrado el viernes 22 de abril. En lo relativo al D\u00eda del Trabajo, que se celebra cada a\u00f1o el 1 de mayo, es no laborable, pero se cambia para el lunes 2 de mayo.<\/span><\/p>\n<\/p>\n<p><span class=\"text1noticias\">De acuerdo al calendario suministrado hoy por el Ministerio de Trabajo, la festividad religiosa de Corpus Christi, que este a\u00f1o corresponde al 23 de junio, no se cambia, por lo que ser\u00e1 celebrada en esa fecha. En cuanto a la siguiente festividad, que corresponde al martes 16 de agosto, D\u00eda de la Restauraci\u00f3n, se trabaja y se cambia para el lunes 15 de agosto.<\/span><\/p>\n<\/p>\n<p><span class=\"text1noticias\">Las fiesta del D\u00eda de Las Mercedes, que se celebra el s\u00e1bado 24 de septiembre; la del D\u00eda de la Constituci\u00f3n, que se celebra el domingo  6 de noviembre y la del domingo 25 de diciembre, en la que se celebra el D\u00eda de Navidad, no se cambian ninguna.<\/span><\/p>\n<\/p>\n<p><span class=\"text1noticias\">La celebraci\u00f3n de estas fechas, de conformidad con lo establecido por la legislaci\u00f3n dominicana, deber\u00e1 ser aplicada en todos los establecimientos del pa\u00eds, advierte la instituci\u00f3n.<\/span><\/p>\n<\/p>\n<p><span class=\"text1noticias\">?La publicaci\u00f3n a tiempo de los d\u00edas feriados ofrece la oportunidad a las empresas, a los colegios y a los trabajadores  en sentido general de planificarse, establecer su calendario escolar y organizar sus vacaciones, tanto colectivas como individuales?, indica el informe.<\/span><\/p>\n<\/p>\n<h6> 2010-11-04 21:35:43 <\/h6>\n<p><!--\n<link rel=\"stylesheet\" href=\"css\/bootstrap.min.css\">\n\n\n<ul class=\"pagination\">\n\t    \n\t\n\n<li >\n\t<a href='?page_no=30691'>Previous<\/a>\n\t<\/li>\n\n\n       \n    \n\n<li><a href='?page_no=1'>1<\/a><\/li>\n\n\n\n<li><a href='?page_no=2'>2<\/a><\/li>\n\n\n\n<li><a>...<\/a><\/li>\n\n\n\n<li><a href='?page_no=30690'>30690<\/a><\/li>\n\n\n\n<li><a href='?page_no=30691'>30691<\/a><\/li>\n\n\n\n<li class='active'><a>30692<\/a><\/li>\n\n\n\n<li><a href='?page_no=30693'>30693<\/a><\/li>\n\n\n\n<li><a href='?page_no=30694'>30694<\/a><\/li>\n\n\n\n<li><a>...<\/a><\/li>\n\n\n\n<li><a href='?page_no=31963'>31963<\/a><\/li>\n\n\n\n<li><a href='?page_no=31964'>31964<\/a><\/li>\n\n    \n\t\n\n<li >\n\t<a href='?page_no=30693'>Next<\/a>\n\t<\/li>\n\n\n    \n\n<li><a href='?page_no=31964'>Last &rsaquo;&rsaquo;<\/a><\/li>\n\n<\/ul>\n\n\n--><br \/>\n<\/body><\/p>\n","protected":false},"excerpt":{"rendered":"<p>Santo Domingo.-El Ministerio de Trabajo anunci\u00f3 hoy el calendario para la celebraci\u00f3n de los d\u00edas feriados para el a\u00f1o 2011, establecidos en la Ley 139-97. El anuncio fue hecho para toda la colectividad empresarial y trabajadora del pa\u00eds y establece que el s\u00e1bado 1 de enero, fecha en que se celebra la festividad de A\u00f1o [&hellip;]<\/p>\n","protected":false},"author":3,"featured_media":0,"comment_status":"open","ping_status":"open","sticky":false,"template":"","format":"standard","meta":{"footnotes":""},"categories":[24],"tags":[],"class_list":["post-155524","post","type-post","status-publish","format-standard","hentry","category-justicia-y-derecho"],"_links":{"self":[{"href":"https:\/\/diariodominicano.com\/index.php?rest_route=\/wp\/v2\/posts\/155524","targetHints":{"allow":["GET"]}}],"collection":[{"href":"https:\/\/diariodominicano.com\/index.php?rest_route=\/wp\/v2\/posts"}],"about":[{"href":"https:\/\/diariodominicano.com\/index.php?rest_route=\/wp\/v2\/types\/post"}],"author":[{"embeddable":true,"href":"https:\/\/diariodominicano.com\/index.php?rest_route=\/wp\/v2\/users\/3"}],"replies":[{"embeddable":true,"href":"https:\/\/diariodominicano.com\/index.php?rest_route=%2Fwp%2Fv2%2Fcomments&post=155524"}],"version-history":[{"count":0,"href":"https:\/\/diariodominicano.com\/index.php?rest_route=\/wp\/v2\/posts\/155524\/revisions"}],"wp:attachment":[{"href":"https:\/\/diariodominicano.com\/index.php?rest_route=%2Fwp%2Fv2%2Fmedia&parent=155524"}],"wp:term":[{"taxonomy":"category","embeddable":true,"href":"https:\/\/diariodominicano.com\/index.php?rest_route=%2Fwp%2Fv2%2Fcategories&post=155524"},{"taxonomy":"post_tag","embeddable":true,"href":"https:\/\/diariodominicano.com\/index.php?rest_route=%2Fwp%2Fv2%2Ftags&post=155524"}],"curies":[{"name":"wp","href":"https:\/\/api.w.org\/{rel}","templated":true}]}}