{"id":155522,"date":"2010-11-04T21:50:25","date_gmt":"2010-11-04T21:50:25","guid":{"rendered":"http:\/\/diariodominicano.ddns.net\/?p=155522"},"modified":"2010-11-04T21:50:25","modified_gmt":"2010-11-04T21:50:25","slug":"convocan-alcaldes-para-sustituir-a-aristy-castro-de-la-lmd","status":"publish","type":"post","link":"https:\/\/diariodominicano.com\/?p=155522","title":{"rendered":"Convocan alcaldes para sustituir a Aristy Castro de la LMD"},"content":{"rendered":"<p><body><\/p>\n<p><img decoding=\"async\" src=\"http:\/\/localhost:8080\/justiciayderecho\/img3\/lmd.jpg\" \/>  <\/p>\n<\/p>\n<p><span class=\"text1noticias\">Santo Domingo.-El Ministerio de Interior y Polic\u00eda y la Federaci\u00f3n Dominicana de Municipios -Fedomu- acordaron este jueves convocar para la semana pr\u00f3xima la asamblea de alcaldes para escoger el nuevo secretario general de la Liga Municipal Dominicana en sustituci\u00f3n de Amable Aristy Castro.<\/span><\/p>\n<\/p>\n<p><span class=\"text1noticias\">La asamblea fue convocada para el pr\u00f3ximo s\u00e1bado 13 a las 10 de la ma\u00f1ana, inform\u00f3 Franklin Almeyda Rancier, quien, en su calidad de presidente ex oficio de la entidad, tiene facultad para convocar el encuentro.<\/span><\/p>\n<\/p>\n<p><span class=\"text1noticias\">\u00abPara que esa asamblea, de 155 integrantes, escoja la persona que ha de sustituir a Amable Aristy Castro\u00bb, dijo el funcionario.<\/span><\/p>\n<\/p>\n<p><span class=\"text1noticias\">A\u00f1adi\u00f3 que la persona escogida estar\u00e1 en el cargo hasta el 26 de enero de 2011, fecha en que concluye el per\u00edodo de la actual directiva.<\/span><\/p>\n<\/p>\n<p><span class=\"text1noticias\">Aristy Castro tiene tres per\u00edodos de cuatro a\u00f1os al frente del organismo y extern\u00f3 hace semanas su intenci\u00f3n de dejar el cargo.<\/span><\/p>\n<\/p>\n<p><span class=\"text1noticias\">En tanto, V\u00edctor D Aza, presidente de Fedomu, se\u00f1al\u00f3 que proceder\u00e1n de esa manera, debido a que Comit\u00e9 Ejecutivo ya no tiene competencia para ello, sino los alcaldes.<\/span><\/p>\n<\/p>\n<p><span class=\"text1noticias\">\u00abY acordamos que, como ya son los alcaldes y alcaldesas los que elegir\u00e1n al secretario general y no el comit\u00e9 ejecutivo ( de Fedomu), entonces se haga una asamblea de alcaldes que \u00e9l (Almeida Rancier) va a convocar para la pr\u00f3xima semana la que designe el sustituto\u00bb,<\/span><\/p>\n<\/p>\n<h6> 2010-11-04 21:50:25 <\/h6>\n<p><!--\n<link rel=\"stylesheet\" href=\"css\/bootstrap.min.css\">\n\n\n<ul class=\"pagination\">\n\t    \n\t\n\n<li >\n\t<a href='?page_no=30689'>Previous<\/a>\n\t<\/li>\n\n\n       \n    \n\n<li><a href='?page_no=1'>1<\/a><\/li>\n\n\n\n<li><a href='?page_no=2'>2<\/a><\/li>\n\n\n\n<li><a>...<\/a><\/li>\n\n\n\n<li><a href='?page_no=30688'>30688<\/a><\/li>\n\n\n\n<li><a href='?page_no=30689'>30689<\/a><\/li>\n\n\n\n<li class='active'><a>30690<\/a><\/li>\n\n\n\n<li><a href='?page_no=30691'>30691<\/a><\/li>\n\n\n\n<li><a href='?page_no=30692'>30692<\/a><\/li>\n\n\n\n<li><a>...<\/a><\/li>\n\n\n\n<li><a href='?page_no=31963'>31963<\/a><\/li>\n\n\n\n<li><a href='?page_no=31964'>31964<\/a><\/li>\n\n    \n\t\n\n<li >\n\t<a href='?page_no=30691'>Next<\/a>\n\t<\/li>\n\n\n    \n\n<li><a href='?page_no=31964'>Last &rsaquo;&rsaquo;<\/a><\/li>\n\n<\/ul>\n\n\n--><br \/>\n<\/body><\/p>\n","protected":false},"excerpt":{"rendered":"<p>Santo Domingo.-El Ministerio de Interior y Polic\u00eda y la Federaci\u00f3n Dominicana de Municipios -Fedomu- acordaron este jueves convocar para la semana pr\u00f3xima la asamblea de alcaldes para escoger el nuevo secretario general de la Liga Municipal Dominicana en sustituci\u00f3n de Amable Aristy Castro. La asamblea fue convocada para el pr\u00f3ximo s\u00e1bado 13 a las 10 [&hellip;]<\/p>\n","protected":false},"author":3,"featured_media":0,"comment_status":"open","ping_status":"open","sticky":false,"template":"","format":"standard","meta":{"footnotes":""},"categories":[24],"tags":[],"class_list":["post-155522","post","type-post","status-publish","format-standard","hentry","category-justicia-y-derecho"],"_links":{"self":[{"href":"https:\/\/diariodominicano.com\/index.php?rest_route=\/wp\/v2\/posts\/155522","targetHints":{"allow":["GET"]}}],"collection":[{"href":"https:\/\/diariodominicano.com\/index.php?rest_route=\/wp\/v2\/posts"}],"about":[{"href":"https:\/\/diariodominicano.com\/index.php?rest_route=\/wp\/v2\/types\/post"}],"author":[{"embeddable":true,"href":"https:\/\/diariodominicano.com\/index.php?rest_route=\/wp\/v2\/users\/3"}],"replies":[{"embeddable":true,"href":"https:\/\/diariodominicano.com\/index.php?rest_route=%2Fwp%2Fv2%2Fcomments&post=155522"}],"version-history":[{"count":0,"href":"https:\/\/diariodominicano.com\/index.php?rest_route=\/wp\/v2\/posts\/155522\/revisions"}],"wp:attachment":[{"href":"https:\/\/diariodominicano.com\/index.php?rest_route=%2Fwp%2Fv2%2Fmedia&parent=155522"}],"wp:term":[{"taxonomy":"category","embeddable":true,"href":"https:\/\/diariodominicano.com\/index.php?rest_route=%2Fwp%2Fv2%2Fcategories&post=155522"},{"taxonomy":"post_tag","embeddable":true,"href":"https:\/\/diariodominicano.com\/index.php?rest_route=%2Fwp%2Fv2%2Ftags&post=155522"}],"curies":[{"name":"wp","href":"https:\/\/api.w.org\/{rel}","templated":true}]}}