{"id":155518,"date":"2010-11-05T12:41:02","date_gmt":"2010-11-05T12:41:02","guid":{"rendered":"http:\/\/diariodominicano.ddns.net\/?p=155518"},"modified":"2010-11-05T12:41:02","modified_gmt":"2010-11-05T12:41:02","slug":"alto-comisionado-de-los-derechos-humanos-de-la-onu-aprueba-informe-dominicano","status":"publish","type":"post","link":"https:\/\/diariodominicano.com\/?p=155518","title":{"rendered":"Alto Comisionado de los Derechos Humanos de la ONU aprueba informe dominicano"},"content":{"rendered":"<p><body><\/p>\n<p><img decoding=\"async\" src=\"http:\/\/localhost:8080\/justiciayderecho\/img3\/ONU_81.jpg\" \/>  <\/p>\n<p><span class=\"text1noticias\"> <\/span><\/p>\n<p><span class=\"text1noticias\">El organismo de Naciones Unidas conoci\u00f3 el reporte dominicano los d\u00edas 3 y 4 de noviembre en Ginebra, Suiza<\/span><\/p>\n<p><span class=\"text1noticias\"> <\/span><\/p>\n<p><span class=\"text1noticias\">05 nov 2010.-  Finaliz\u00f3 ayer jueves, en la Sede de Naciones Unidas, en Ginebra, la revisi\u00f3n del Tercer Informe de Rep\u00fablica Dominicana relativo al Pacto Internacional de Derechos Econ\u00f3micos, Sociales y Culturales. El Informe Nacional fue analizado por 13 expertos internacionales del Alto Comisionado de los Derechos Humanos de Naciones Unidas durante nueve horas, distribuidas en tres sesiones , los d\u00edas 3 y 4 de noviembre.<\/span><\/p>\n<p><span class=\"text1noticias\"> <\/span><\/p>\n<p><span class=\"text1noticias\">Luego de responder 53 preguntas escritas y m\u00e1s de otras 160 formuladas de manera espont\u00e1nea, los expertos reconocieron ?de manera satisfactoria? los ?indiscutibles y significativos logros? dominicanos en materia de dichos derechos humanos.<\/span><\/p>\n<p><span class=\"text1noticias\"> <\/span><\/p>\n<p><span class=\"text1noticias\">La delegaci\u00f3n dominicana estuvo encabezada por el Ministro de Trabajo, Max Puig, y cont\u00f3 con la presencia de Roberto Rosario, presidente de la JCE, el embajador dominicano ante la Misi\u00f3n Diplom\u00e1tica en Ginebra, Homero Luis Hern\u00e1ndez, y tambi\u00e9n por Faustino Jim\u00e9nez, Jos\u00e9 \u00c1ngel Aquino, Katherine Urb\u00e1ez, Elvis Arias, Juan Manuel Mercedes y Fernando Ferr\u00e1n.<\/span><\/p>\n<p><span class=\"text1noticias\"> <\/span><\/p>\n<p><span class=\"text1noticias\">Durante la revisi\u00f3n de los 15 art\u00edculos del referido Pacto, los temas que ocuparon la atenci\u00f3n fueron el sistema constitucional dominicano y el correspondiente ordenamiento jur\u00eddico nacional. Por igual, los derechos al trabajo y del trabajador; el sistema educativo nacional y el de salud; los derechos de la mujer y la violencia intrafamiliar; el r\u00e9gimen de seguridad social; el d\u00e9ficit habitacional y los programas para superarlo; las diversas dimensiones de la discriminaci\u00f3n racial y de g\u00e9nero; los derechos del inmigrante; los niveles y formas de corrupci\u00f3n p\u00fablica y privada; las condiciones de vida en el campo y en las plantaciones agr\u00edcolas; el d\u00e9ficit habitacional y remedios al mismo; el acceso a la documentaci\u00f3n y el saneamiento del Registro Civil; los flujos migratorios, la ense\u00f1anza de derechos humanos y otros relativos a los derechos culturales en el pa\u00eds.<\/span><\/p>\n<p><span class=\"text1noticias\"> <\/span><\/p>\n<p><span class=\"text1noticias\">Al finalizar la sesi\u00f3n, el presidente de la comisi\u00f3n de expertos, Jaime March\u00e1n Romero, agradeci\u00f3 a la delegaci\u00f3n dominicana haber ?subsanado la falta de informaci\u00f3n? y advirti\u00f3 a nombre de la comisi\u00f3n de expertos de 9 nacionalidades que las conclusiones finales ser\u00e1n altamente favorables al pa\u00eds, dados los indiscutibles avances obtenidos en materia de derechos econ\u00f3micos, sociales y culturales durante el per\u00edodo examinado de 1997 a 2010. <\/span><\/p>\n<p><span class=\"text1noticias\"> <\/span><\/p>\n<p><span class=\"text1noticias\">Por su lado, el presidente de la delegaci\u00f3n dominicana, Max Puig, agradeci\u00f3 la oportunidad que se le dio a Rep\u00fablica Dominicana de rendir cuentas y de responder de manera pormenorizada las preguntas formuladas, antes de reiterar por \u00faltimo el compromiso del pa\u00eds por asumir las mejores pr\u00e1cticas y lo mejor de las recomendaciones del Alto Comisionado de Derechos Humanos de Naciones Unidas para beneficio siempre de la poblaci\u00f3n dominicana.<\/span><\/p>\n<\/p>\n<h6> 2010-11-05 12:41:02 <\/h6>\n<p><!--\n<link rel=\"stylesheet\" href=\"css\/bootstrap.min.css\">\n\n\n<ul class=\"pagination\">\n\t    \n\t\n\n<li >\n\t<a href='?page_no=30685'>Previous<\/a>\n\t<\/li>\n\n\n       \n    \n\n<li><a href='?page_no=1'>1<\/a><\/li>\n\n\n\n<li><a href='?page_no=2'>2<\/a><\/li>\n\n\n\n<li><a>...<\/a><\/li>\n\n\n\n<li><a href='?page_no=30684'>30684<\/a><\/li>\n\n\n\n<li><a href='?page_no=30685'>30685<\/a><\/li>\n\n\n\n<li class='active'><a>30686<\/a><\/li>\n\n\n\n<li><a href='?page_no=30687'>30687<\/a><\/li>\n\n\n\n<li><a href='?page_no=30688'>30688<\/a><\/li>\n\n\n\n<li><a>...<\/a><\/li>\n\n\n\n<li><a href='?page_no=31963'>31963<\/a><\/li>\n\n\n\n<li><a href='?page_no=31964'>31964<\/a><\/li>\n\n    \n\t\n\n<li >\n\t<a href='?page_no=30687'>Next<\/a>\n\t<\/li>\n\n\n    \n\n<li><a href='?page_no=31964'>Last &rsaquo;&rsaquo;<\/a><\/li>\n\n<\/ul>\n\n\n--><br \/>\n<\/body><\/p>\n","protected":false},"excerpt":{"rendered":"<p>El organismo de Naciones Unidas conoci\u00f3 el reporte dominicano los d\u00edas 3 y 4 de noviembre en Ginebra, Suiza 05 nov 2010.- Finaliz\u00f3 ayer jueves, en la Sede de Naciones Unidas, en Ginebra, la revisi\u00f3n del Tercer Informe de Rep\u00fablica Dominicana relativo al Pacto Internacional de Derechos Econ\u00f3micos, Sociales y Culturales. El Informe Nacional fue [&hellip;]<\/p>\n","protected":false},"author":3,"featured_media":0,"comment_status":"open","ping_status":"open","sticky":false,"template":"","format":"standard","meta":{"footnotes":""},"categories":[24],"tags":[],"class_list":["post-155518","post","type-post","status-publish","format-standard","hentry","category-justicia-y-derecho"],"_links":{"self":[{"href":"https:\/\/diariodominicano.com\/index.php?rest_route=\/wp\/v2\/posts\/155518","targetHints":{"allow":["GET"]}}],"collection":[{"href":"https:\/\/diariodominicano.com\/index.php?rest_route=\/wp\/v2\/posts"}],"about":[{"href":"https:\/\/diariodominicano.com\/index.php?rest_route=\/wp\/v2\/types\/post"}],"author":[{"embeddable":true,"href":"https:\/\/diariodominicano.com\/index.php?rest_route=\/wp\/v2\/users\/3"}],"replies":[{"embeddable":true,"href":"https:\/\/diariodominicano.com\/index.php?rest_route=%2Fwp%2Fv2%2Fcomments&post=155518"}],"version-history":[{"count":0,"href":"https:\/\/diariodominicano.com\/index.php?rest_route=\/wp\/v2\/posts\/155518\/revisions"}],"wp:attachment":[{"href":"https:\/\/diariodominicano.com\/index.php?rest_route=%2Fwp%2Fv2%2Fmedia&parent=155518"}],"wp:term":[{"taxonomy":"category","embeddable":true,"href":"https:\/\/diariodominicano.com\/index.php?rest_route=%2Fwp%2Fv2%2Fcategories&post=155518"},{"taxonomy":"post_tag","embeddable":true,"href":"https:\/\/diariodominicano.com\/index.php?rest_route=%2Fwp%2Fv2%2Ftags&post=155518"}],"curies":[{"name":"wp","href":"https:\/\/api.w.org\/{rel}","templated":true}]}}