{"id":155517,"date":"2010-11-05T13:34:38","date_gmt":"2010-11-05T13:34:38","guid":{"rendered":"http:\/\/diariodominicano.ddns.net\/?p=155517"},"modified":"2010-11-05T13:34:38","modified_gmt":"2010-11-05T13:34:38","slug":"tormenta-tomas-acaba-de-evolucionar-a-huracan","status":"publish","type":"post","link":"https:\/\/diariodominicano.com\/?p=155517","title":{"rendered":"Tormenta Tom\u00e1s acaba de evolucionar a hurac\u00e1n"},"content":{"rendered":"<p><body><\/p>\n<p><img decoding=\"async\" src=\"http:\/\/localhost:8080\/justiciayderecho\/img3\/Tomas Tormenta.jpg\" \/>  <\/p>\n<p><span class=\"text1noticias\"> Por: David Fr\u00edas<\/span><\/p>\n<\/p>\n<p><span class=\"text1noticias\">Santo Domingo, 05 Nov 2010.- La Oficina Nacional de meteorolog\u00eda (Onamet) inform\u00f3 que los aguaceros con tormentas el\u00e9ctricas y r\u00e1fagas de vientos continuaran en Territorio Nacional como consecuencia del  gran campo nuboso que acompa\u00f1a el hurac\u00e1n Tom\u00e1s, siendo m\u00e1s intenso hacia la zona Fronteriza, Suroeste, Noroeste y la Cordillera Central. <\/span><\/p>\n<\/p>\n<p><span class=\"text1noticias\">A las seis de la ma\u00f1ana de hoy, el centro del hurac\u00e1n Tomas fue ubicado a unos 280 kil\u00f3metros al oeste de Puerto Pr\u00edncipe, Hait\u00ed y a unos 325 kil\u00f3metros al oeste\/noroeste de la Isla Beata.<\/span><\/p>\n<\/p>\n<p><span class=\"text1noticias\">Es por ello que la instituci\u00f3n mantiene un alerta de 48 horas en condiciones de tormenta para Pedernales, Barahona, Bahoruco, Independencia, San Juan de la Maguana y El\u00edas Pi\u00f1a y un alerta especial  para Azua, Dajab\u00f3n, Santiago Rodr\u00edguez y Montecristi.<\/span><\/p>\n<\/p>\n<p><span class=\"text1noticias\">El organismo exhort\u00f3 a todas las embarcaciones a permanecer en puerto debido a la incidencia de vientos y olas anormales.<\/span><\/p>\n<\/p>\n<p><span class=\"text1noticias\">Onamet tambi\u00e9n explico que para el d\u00eda de hoy se espera un cielo nublado acompa\u00f1ado de aguaceros, tormentas el\u00e9ctricas  y r\u00e1fagas de vientos, para la provincia de Santo Domingo y gran parte del Distrito Nacional.<\/span><\/p>\n<h6> 2010-11-05 13:34:38 <\/h6>\n<p><!--\n<link rel=\"stylesheet\" href=\"css\/bootstrap.min.css\">\n\n\n<ul class=\"pagination\">\n\t    \n\t\n\n<li >\n\t<a href='?page_no=30684'>Previous<\/a>\n\t<\/li>\n\n\n       \n    \n\n<li><a href='?page_no=1'>1<\/a><\/li>\n\n\n\n<li><a href='?page_no=2'>2<\/a><\/li>\n\n\n\n<li><a>...<\/a><\/li>\n\n\n\n<li><a href='?page_no=30683'>30683<\/a><\/li>\n\n\n\n<li><a href='?page_no=30684'>30684<\/a><\/li>\n\n\n\n<li class='active'><a>30685<\/a><\/li>\n\n\n\n<li><a href='?page_no=30686'>30686<\/a><\/li>\n\n\n\n<li><a href='?page_no=30687'>30687<\/a><\/li>\n\n\n\n<li><a>...<\/a><\/li>\n\n\n\n<li><a href='?page_no=31963'>31963<\/a><\/li>\n\n\n\n<li><a href='?page_no=31964'>31964<\/a><\/li>\n\n    \n\t\n\n<li >\n\t<a href='?page_no=30686'>Next<\/a>\n\t<\/li>\n\n\n    \n\n<li><a href='?page_no=31964'>Last &rsaquo;&rsaquo;<\/a><\/li>\n\n<\/ul>\n\n\n--><br \/>\n<\/body><\/p>\n","protected":false},"excerpt":{"rendered":"<p>Por: David Fr\u00edas Santo Domingo, 05 Nov 2010.- La Oficina Nacional de meteorolog\u00eda (Onamet) inform\u00f3 que los aguaceros con tormentas el\u00e9ctricas y r\u00e1fagas de vientos continuaran en Territorio Nacional como consecuencia del gran campo nuboso que acompa\u00f1a el hurac\u00e1n Tom\u00e1s, siendo m\u00e1s intenso hacia la zona Fronteriza, Suroeste, Noroeste y la Cordillera Central. A las [&hellip;]<\/p>\n","protected":false},"author":3,"featured_media":0,"comment_status":"open","ping_status":"open","sticky":false,"template":"","format":"standard","meta":{"footnotes":""},"categories":[24],"tags":[],"class_list":["post-155517","post","type-post","status-publish","format-standard","hentry","category-justicia-y-derecho"],"_links":{"self":[{"href":"https:\/\/diariodominicano.com\/index.php?rest_route=\/wp\/v2\/posts\/155517","targetHints":{"allow":["GET"]}}],"collection":[{"href":"https:\/\/diariodominicano.com\/index.php?rest_route=\/wp\/v2\/posts"}],"about":[{"href":"https:\/\/diariodominicano.com\/index.php?rest_route=\/wp\/v2\/types\/post"}],"author":[{"embeddable":true,"href":"https:\/\/diariodominicano.com\/index.php?rest_route=\/wp\/v2\/users\/3"}],"replies":[{"embeddable":true,"href":"https:\/\/diariodominicano.com\/index.php?rest_route=%2Fwp%2Fv2%2Fcomments&post=155517"}],"version-history":[{"count":0,"href":"https:\/\/diariodominicano.com\/index.php?rest_route=\/wp\/v2\/posts\/155517\/revisions"}],"wp:attachment":[{"href":"https:\/\/diariodominicano.com\/index.php?rest_route=%2Fwp%2Fv2%2Fmedia&parent=155517"}],"wp:term":[{"taxonomy":"category","embeddable":true,"href":"https:\/\/diariodominicano.com\/index.php?rest_route=%2Fwp%2Fv2%2Fcategories&post=155517"},{"taxonomy":"post_tag","embeddable":true,"href":"https:\/\/diariodominicano.com\/index.php?rest_route=%2Fwp%2Fv2%2Ftags&post=155517"}],"curies":[{"name":"wp","href":"https:\/\/api.w.org\/{rel}","templated":true}]}}