{"id":155516,"date":"2010-11-05T15:12:04","date_gmt":"2010-11-05T15:12:04","guid":{"rendered":"http:\/\/diariodominicano.ddns.net\/?p=155516"},"modified":"2010-11-05T15:12:04","modified_gmt":"2010-11-05T15:12:04","slug":"huracan-causa-primeras-inundaciones-y-alertan-de-subida-del-nivel-del-mar","status":"publish","type":"post","link":"https:\/\/diariodominicano.com\/?p=155516","title":{"rendered":"Hurac\u00e1n causa primeras inundaciones y alertan de subida del nivel del mar"},"content":{"rendered":"<p><body><\/p>\n<p><img decoding=\"async\" src=\"http:\/\/localhost:8080\/justiciayderecho\/img3\/Inundaciones en Haiti.jpg\" \/>  <\/p>\n<p><span class=\"text1noticias\">Puerto Pr\u00edncipe, 05 nov 2010.-   El hurac\u00e1n \u00abTomas\u00bb caus\u00f3 este viernes las primeras inundaciones en Hait\u00ed, un pa\u00eds aun no recuperado de los estragos del terremoto de enero y que adem\u00e1s afronta una epidemia de c\u00f3lera, mientras los meteor\u00f3logos alertaban de que el aumento del nivel del mar constituye el principal peligro. <\/span><\/p>\n<\/p>\n<p><span class=\"text1noticias\">La ciudad de L\u00e9ogane (oeste de Puerto Pr\u00edncipe), por la que pasan varios r\u00edos, se inund\u00f3 y una parte de la poblaci\u00f3n se encuentra en grandes dificultades, seg\u00fan informaron corresponsales locales. <\/span><\/p>\n<\/p>\n<p><span class=\"text1noticias\">En cuanto al nivel del mar, el director general del Centro Meteorol\u00f3gico Nacional (CNM), Ronald Semelfort, indic\u00f3 que puede tener una subida de 2,5 metros, seg\u00fan los modelos de previsiones.<\/span><\/p>\n<\/p>\n<p><span class=\"text1noticias\">El hecho fue corroborado por corresponsales locales en las regiones del sur del pa\u00eds, quienes reportaron que se inici\u00f3 una subida del mar, sin precisar da\u00f1os relacionados con este fen\u00f3meno.<\/span><\/p>\n<\/p>\n<p><span class=\"text1noticias\">\u00abTomas\u00bb se cobr\u00f3 ayer su primera v\u00edctima, un hombre que fue arrastrado en su veh\u00edculo por las inundaciones originadas por la crecida del r\u00edo Glace en la localidad de Duchiti, departamento de Grand Anse (suroeste).<\/span><\/p>\n<\/p>\n<p><span class=\"text1noticias\">El Centro Nacional de Huracanes (CNH) de EE.UU. dijo en su bolet\u00edn de las 12,00 GMT que el centro de \u00abTomas\u00bb, un hurac\u00e1n de categor\u00eda uno en la escala de intensidad Saffir-Simpson, \u00abpasar\u00e1 esta ma\u00f1ana cerca del oeste de Hait\u00ed y tambi\u00e9n hoy cerca o sobre el extremo este de Cuba\u00bb.<\/span><\/p>\n<\/p>\n<p><span class=\"text1noticias\">\u00abTomas\u00bb se convirti\u00f3 esta madrugada en hurac\u00e1n de categor\u00eda uno, con vientos m\u00e1ximos sostenidos de 135 kil\u00f3metros por hora, y se halla a unos 130 kil\u00f3metros al sur-sureste de Guant\u00e1namo (Cuba) y a unos 255 kil\u00f3metros al oeste de Puerto Pr\u00edncipe (Hait\u00ed).<\/span><\/p>\n<\/p>\n<p><span class=\"text1noticias\">Se pronostica que el cicl\u00f3n se fortalezca a\u00fan algo m\u00e1s antes de comenzar a debilitarse ma\u00f1ana, s\u00e1bado, agreg\u00f3 el CNH.<\/span><\/p>\n<\/p>\n<p><span class=\"text1noticias\">En Hait\u00ed, los efectos de Tomas se empezaron a sentir ayer por la tarde. Fuertes vientos y lluvias se registraron durante la noche en el departamento de Grand Anse y en el departamento Sureste, donde el mar est\u00e1 muy agitado.<\/span><\/p>\n<\/p>\n<p><span class=\"text1noticias\">Estos dos departamentos son los m\u00e1s cercanos a la trayectoria del hurac\u00e1n hacia el noreste.<\/span><\/p>\n<p><span class=\"text1noticias\">Algunos tejados de casas fueron levantados por el viento en Beaumont e Irois (Suroeste), seg\u00fan un informe de la coordinaci\u00f3n departamental de Protecci\u00f3n Civil de Grande-Anse.<\/span><\/p>\n<\/p>\n<p><span class=\"text1noticias\">Tambi\u00e9n se inform\u00f3 de da\u00f1os importantes que afectan a carreteras.<\/span><\/p>\n<\/p>\n<p><span class=\"text1noticias\">Miles de personas que viven en campamentos para los desplazados del terremoto de enero en la capital desalojaron esos lugares con apoyo de la Direcci\u00f3n de Protecci\u00f3n Civil y de la Misi\u00f3n de las Naciones Unidas para la Estabilizaci\u00f3n de Hait\u00ed (MINUSTAH), informaron fuentes oficiales.<\/span><\/p>\n<\/p>\n<p><span class=\"text1noticias\">Las operaciones de evacuaci\u00f3n contin\u00faan en varios departamentos, particularmente en los del sur, mientras que en Gona\u00efves (norte), las autoridades de la prisi\u00f3n evacuaron a los 214 prisioneros, inform\u00f3 Protecci\u00f3n Civil.<\/span><\/p>\n<\/p>\n<\/p>\n<\/p>\n<h6> 2010-11-05 15:12:04 <\/h6>\n<p><!--\n<link rel=\"stylesheet\" href=\"css\/bootstrap.min.css\">\n\n\n<ul class=\"pagination\">\n\t    \n\t\n\n<li >\n\t<a href='?page_no=30683'>Previous<\/a>\n\t<\/li>\n\n\n       \n    \n\n<li><a href='?page_no=1'>1<\/a><\/li>\n\n\n\n<li><a href='?page_no=2'>2<\/a><\/li>\n\n\n\n<li><a>...<\/a><\/li>\n\n\n\n<li><a href='?page_no=30682'>30682<\/a><\/li>\n\n\n\n<li><a href='?page_no=30683'>30683<\/a><\/li>\n\n\n\n<li class='active'><a>30684<\/a><\/li>\n\n\n\n<li><a href='?page_no=30685'>30685<\/a><\/li>\n\n\n\n<li><a href='?page_no=30686'>30686<\/a><\/li>\n\n\n\n<li><a>...<\/a><\/li>\n\n\n\n<li><a href='?page_no=31963'>31963<\/a><\/li>\n\n\n\n<li><a href='?page_no=31964'>31964<\/a><\/li>\n\n    \n\t\n\n<li >\n\t<a href='?page_no=30685'>Next<\/a>\n\t<\/li>\n\n\n    \n\n<li><a href='?page_no=31964'>Last &rsaquo;&rsaquo;<\/a><\/li>\n\n<\/ul>\n\n\n--><br \/>\n<\/body><\/p>\n","protected":false},"excerpt":{"rendered":"<p>Puerto Pr\u00edncipe, 05 nov 2010.- El hurac\u00e1n \u00abTomas\u00bb caus\u00f3 este viernes las primeras inundaciones en Hait\u00ed, un pa\u00eds aun no recuperado de los estragos del terremoto de enero y que adem\u00e1s afronta una epidemia de c\u00f3lera, mientras los meteor\u00f3logos alertaban de que el aumento del nivel del mar constituye el principal peligro. La ciudad de [&hellip;]<\/p>\n","protected":false},"author":3,"featured_media":0,"comment_status":"open","ping_status":"open","sticky":false,"template":"","format":"standard","meta":{"footnotes":""},"categories":[24],"tags":[],"class_list":["post-155516","post","type-post","status-publish","format-standard","hentry","category-justicia-y-derecho"],"_links":{"self":[{"href":"https:\/\/diariodominicano.com\/index.php?rest_route=\/wp\/v2\/posts\/155516","targetHints":{"allow":["GET"]}}],"collection":[{"href":"https:\/\/diariodominicano.com\/index.php?rest_route=\/wp\/v2\/posts"}],"about":[{"href":"https:\/\/diariodominicano.com\/index.php?rest_route=\/wp\/v2\/types\/post"}],"author":[{"embeddable":true,"href":"https:\/\/diariodominicano.com\/index.php?rest_route=\/wp\/v2\/users\/3"}],"replies":[{"embeddable":true,"href":"https:\/\/diariodominicano.com\/index.php?rest_route=%2Fwp%2Fv2%2Fcomments&post=155516"}],"version-history":[{"count":0,"href":"https:\/\/diariodominicano.com\/index.php?rest_route=\/wp\/v2\/posts\/155516\/revisions"}],"wp:attachment":[{"href":"https:\/\/diariodominicano.com\/index.php?rest_route=%2Fwp%2Fv2%2Fmedia&parent=155516"}],"wp:term":[{"taxonomy":"category","embeddable":true,"href":"https:\/\/diariodominicano.com\/index.php?rest_route=%2Fwp%2Fv2%2Fcategories&post=155516"},{"taxonomy":"post_tag","embeddable":true,"href":"https:\/\/diariodominicano.com\/index.php?rest_route=%2Fwp%2Fv2%2Ftags&post=155516"}],"curies":[{"name":"wp","href":"https:\/\/api.w.org\/{rel}","templated":true}]}}